{"id":7732,"date":"2025-06-10T20:44:39","date_gmt":"2025-06-10T18:44:39","guid":{"rendered":"https:\/\/www.swisscrochet.ch\/2025\/06\/the-pressed-violets-shawl-in-poema-mohair\/"},"modified":"2025-06-10T21:16:39","modified_gmt":"2025-06-10T19:16:39","slug":"das-pressed-violets-tuch-aus-poema-mohair","status":"publish","type":"post","link":"https:\/\/www.swisscrochet.ch\/de\/2025\/06\/das-pressed-violets-tuch-aus-poema-mohair\/","title":{"rendered":"Das Pressed Violets Tuch aus Poema Mohair"},"content":{"rendered":"<div class=\"wpb-content-wrapper\"><p>[vc_row][vc_column][vc_column_text css=&#8220;&#8220;]Heute stelle ich dir das \u201ePressed Violets Shawl\u201c vor \u2013 ein zartes, luftiges Spitzen-Dreieckstuch. Hergestellt mit dem langen Farbverlaufsgarn Poema Mohair vereint es leichte Eleganz mit eindrucksvollen Farbwechseln.[\/vc_column_text][vc_row_inner][vc_column_inner width=&#8220;1\/4&#8243;][vc_single_image image=&#8220;7680&#8243; img_size=&#8220;full&#8220; alignment=&#8220;center&#8220; style=&#8220;vc_box_shadow&#8220; onclick=&#8220;link_image&#8220; css=&#8220;&#8220; image_hovers=&#8220;false&#8220;][\/vc_column_inner][vc_column_inner width=&#8220;1\/4&#8243;][vc_single_image image=&#8220;7684&#8243; img_size=&#8220;full&#8220; alignment=&#8220;center&#8220; style=&#8220;vc_box_shadow&#8220; onclick=&#8220;link_image&#8220; css=&#8220;&#8220; image_hovers=&#8220;false&#8220;][\/vc_column_inner][vc_column_inner width=&#8220;1\/4&#8243;][vc_single_image image=&#8220;7692&#8243; img_size=&#8220;full&#8220; alignment=&#8220;center&#8220; style=&#8220;vc_box_shadow&#8220; onclick=&#8220;link_image&#8220; css=&#8220;&#8220; image_hovers=&#8220;false&#8220;][\/vc_column_inner][vc_column_inner width=&#8220;1\/4&#8243;][vc_single_image image=&#8220;7688&#8243; img_size=&#8220;full&#8220; alignment=&#8220;center&#8220; style=&#8220;vc_box_shadow&#8220; onclick=&#8220;link_image&#8220; css=&#8220;&#8220; image_hovers=&#8220;false&#8220;][\/vc_column_inner][\/vc_row_inner][vc_column_text css=&#8220;&#8220;]<\/p>\n<h2>Das Garn<\/h2>\n<p>Als ich das Laines du Nord Poema Mohair Garn im M\u00e4rz letzten Jahres an der h+h Messe in K\u00f6ln entdeckte, war mir sofort klar, dass es sich um ein traumhaftes Garn handelt.<\/p>\n<p>Gefertigt aus hochwertigem Mohair aus S\u00fcdafrika, wurde dieses Seidemohaargarn ohne Silikon hergestellt \u2013 so kann das Mohair richtig aufbl\u00fchen und jedes Kn\u00e4uel erh\u00e4lt einen unglaublich weichen, \u201efloralen\u201c Halo.<\/p>\n<p>Was Poema Mohair zus\u00e4tzlich auszeichnet, sind seine beeindruckenden Farbverl\u00e4ufe. Laines du Nord ist f\u00fcr wundersch\u00f6ne lange Gradients bekannt, die mit bemerkenswerter Farbgenauigkeit reproduziert werden \u2013 praktisch ohne Unterschiede zwischen den Farblosen.<\/p>\n<p>Wie Profi-F\u00e4rber best\u00e4tigen, ist die hochpr\u00e4zise Reproduktion solcher Farbverl\u00e4ufe, besonders \u00fcber grosse L\u00e4ngen, technisch eine Herausforderung![\/vc_column_text][vc_row_inner][vc_column_inner width=&#8220;1\/3&#8243;][vc_single_image image=&#8220;7708&#8243; img_size=&#8220;full&#8220; alignment=&#8220;center&#8220; style=&#8220;vc_box_shadow&#8220; onclick=&#8220;link_image&#8220; css=&#8220;&#8220; image_hovers=&#8220;false&#8220;][\/vc_column_inner][vc_column_inner width=&#8220;1\/3&#8243;][vc_single_image image=&#8220;7716&#8243; img_size=&#8220;full&#8220; alignment=&#8220;center&#8220; style=&#8220;vc_box_shadow&#8220; onclick=&#8220;link_image&#8220; css=&#8220;&#8220; image_hovers=&#8220;false&#8220;][\/vc_column_inner][vc_column_inner width=&#8220;1\/3&#8243;][vc_single_image image=&#8220;7712&#8243; img_size=&#8220;full&#8220; alignment=&#8220;center&#8220; style=&#8220;vc_box_shadow&#8220; onclick=&#8220;link_image&#8220; css=&#8220;&#8220; image_hovers=&#8220;false&#8220;][\/vc_column_inner][\/vc_row_inner][vc_row_inner][vc_column_inner width=&#8220;1\/2&#8243;][vc_single_image image=&#8220;7704&#8243; img_size=&#8220;full&#8220; alignment=&#8220;center&#8220; style=&#8220;vc_box_shadow&#8220; onclick=&#8220;link_image&#8220; css=&#8220;&#8220; image_hovers=&#8220;false&#8220;][\/vc_column_inner][vc_column_inner width=&#8220;1\/2&#8243;][vc_single_image image=&#8220;7676&#8243; img_size=&#8220;full&#8220; alignment=&#8220;center&#8220; style=&#8220;vc_box_shadow&#8220; onclick=&#8220;link_image&#8220; css=&#8220;&#8220; image_hovers=&#8220;false&#8220;][\/vc_column_inner][\/vc_row_inner][vc_column_text css=&#8220;&#8220;]<\/p>\n<h2>Das Design<\/h2>\n<p>Kaum war Poema Mohair bei Swiss Crochet erh\u00e4ltlich, begann ich, nach passenden Mustern zu suchen \u2013 was eignet sich am besten?<\/p>\n<p>Nat\u00fcrlich landete ich auf Ravelry und durchforstete meine Wunschliste und Favoriten. Schnell war ich beim Muster angekommen, das ich schon lange h\u00e4keln wollte: das <a href=\"https:\/\/www.ravelry.com\/patterns\/library\/pressed-violets-shawl\">Pressed Violets Shawl<\/a> von <a href=\"https:\/\/www.cupofstitches.com\/\">Lena Fedotova<\/a>.<\/p>\n<p>Das Pressed Violets Shawl setzt auf ein einfaches, geometrisches Muster aus St\u00e4bchen und Luftmaschen \u2013 ein feines Filet-Muster mit kleinem Rapport. Der Rand wirkt komplex, ist aber ebenfalls klar und gut nachvollziehbar.<\/p>\n<p>Das Muster enth\u00e4lt sowohl schriftliche als auch charted Anleitungen, inklusive Masse und Schema \u2013 einfach zu folgen.<\/p>\n<p>Ich habe die Dreiecksversion gearbeitet, Anleitung f\u00fcr eine rechteckige Version ist ebenfalls enthalten.<\/p>\n<p>Das kleine, geometrische Muster harmoniert perfekt mit den langsamen Farbverl\u00e4ufen \u2013 keine Farbe dominiert und keine Struktur wirkt aufdringlich.<\/p>\n<p>Ich bin schon lange Fan von Lena, und ihre Muster zu arbeiten ist stets ein Vergn\u00fcgen. Sie entwirft einzigartige Maschenmuster, die traumhaft aussehen \u2013 und auch Spass beim H\u00e4keln machen! Das Pressed Violets Shawl ist ein wunderbares Beispiel daf\u00fcr.[\/vc_column_text][vc_row_inner][vc_column_inner width=&#8220;1\/2&#8243;][vc_single_image image=&#8220;7696&#8243; img_size=&#8220;full&#8220; alignment=&#8220;center&#8220; style=&#8220;vc_box_shadow&#8220; onclick=&#8220;link_image&#8220; css=&#8220;&#8220; image_hovers=&#8220;false&#8220;][\/vc_column_inner][vc_column_inner width=&#8220;1\/2&#8243;][vc_single_image image=&#8220;7700&#8243; img_size=&#8220;full&#8220; alignment=&#8220;center&#8220; style=&#8220;vc_box_shadow&#8220; onclick=&#8220;link_image&#8220; css=&#8220;&#8220; image_hovers=&#8220;false&#8220;][\/vc_column_inner][\/vc_row_inner][vc_column_text css=&#8220;&#8220;]<\/p>\n<h2>Das Projekt<\/h2>\n<p>F\u00fcr dieses Projekt wollte ich ein extra-grosses Tuch, also nutzte ich zwei Kn\u00e4uel Poema Mohair in Farbe 07. Ich begann jeweils am hellblauen Ende der Kn\u00e4uel.<\/p>\n<p>Um den \u00dcbergang zwischen den Kn\u00e4ueln weich zu gestalten, arbeitete ich folgendermassen: 2 Reihen mit dem ersten Kn\u00e4uel, dann 2 Reihen mit dem zweiten \u2013 also 2-Reihen-Streifen im Wechsel.<\/p>\n<p>Mein Ziel war, beide Kn\u00e4uel komplett aufzubrauchen, daher h\u00e4kelte ich so viele Hauptmuster-Reihen wie m\u00f6glich, bevor ich zum Rand \u00fcberging. Ich hatte knapp genug Garn und konnte die letzte Reihe mit Picotrand leider nicht fertigstellen. Daher erscheint mein Tuch etwas runder als im Original \u2013 ich finde das aber stimmig!<\/p>\n<p>Nach Fertigstellung habe ich das Tuch mit Eucalan gewaschen \u2013 so konnte das Garn sch\u00f6n aufbl\u00fchen und erhielt ein dezentes Jasminaroma. Mit der gew\u00e4hlten Maschenprobe und Faserzusammensetzung war kein Blocken n\u00f6tig \u2013 flach trocknen reichte aus. W\u00e4re das Muster lockerer oder dichter gewesen, h\u00e4tte Blocken n\u00f6tig sein k\u00f6nnen.<\/p>\n<p>Ich hatte viel Freude beim Arbeiten an diesem Tuch und freue mich nun \u00fcber das sch\u00f6ne Ergebnis \u2013 obwohl es w\u00e4rmer wird, sind die Weichheit und die lebendigen Farben dieses Tuchs unwiderstehlich! :)[\/vc_column_text][\/vc_column][\/vc_row][vc_row][vc_column][vc_column_text css=&#8220;&#8220;]<\/p>\n<h2>Verwendet in diesem Projekt<\/h2>\n<ul>\n<li>das Muster <a href=\"https:\/\/www.ravelry.com\/patterns\/library\/pressed-violets-shawl\">Pressed Violets Shawl<\/a> (in Englisch &amp; Spanisch erh\u00e4ltlich)<\/li>\n<li>2 Kn\u00e4uel <a href=\"https:\/\/www.swisscrochet.ch\/de\/produkt\/laines-du-nord-poema-mohair\/\">Poema Mohair<\/a><\/li>\n<li><a href=\"https:\/\/www.swisscrochet.ch\/de\/produkt\/tulip-etimo-red-haekelnadel-mit-weichem-griff\/?attribute_size=3.00+mm\">3.00 mm H\u00e4kelnadel<\/a><\/li>\n<li>ein Paar <a href=\"https:\/\/www.swisscrochet.ch\/de\/produkt\/tulip-maschenmarkierer-set-herz\/\">Maschenmarkierer<\/a><\/li>\n<li>eine <a href=\"https:\/\/www.swisscrochet.ch\/de\/produkt\/tulip-garnnadeln-sortiert-runde-spitze-klein\/\">Garnnadel<\/a> zum Vern\u00e4hen der F\u00e4den<\/li>\n<li><a href=\"https:\/\/www.swisscrochet.ch\/de\/produkt\/addi-mini-scissors\/\">Schere<\/a><\/li>\n<li><a href=\"https:\/\/www.swisscrochet.ch\/de\/produkt\/eucalan-waschmittel-jasmin-100-ml\/\">Eucalan<\/a> Waschmittel f\u00fcr die sanfte Pflege<\/li>\n<\/ul>\n<p>[\/vc_column_text]<style type=\"text\/css\" data-type=\"the7_shortcodes-inline-css\">.products-shortcode.products-masonry-shortcode-id-e6ea39f92461cc68a17791d66efae720 .filter-bg-decoration .filter-categories a.act {\n  color: #fff;\n}\n.products-shortcode.products-masonry-shortcode-id-e6ea39f92461cc68a17791d66efae720:not(.resize-by-browser-width) .dt-css-grid {\n  grid-row-gap: 30px;\n  grid-column-gap: 30px;\n  grid-template-columns: repeat(auto-fill,minmax(,1fr));\n}\n.cssgridlegacy.no-cssgrid .products-shortcode.products-masonry-shortcode-id-e6ea39f92461cc68a17791d66efae720:not(.resize-by-browser-width) .dt-css-grid,\n.no-cssgridlegacy.no-cssgrid .products-shortcode.products-masonry-shortcode-id-e6ea39f92461cc68a17791d66efae720:not(.resize-by-browser-width) .dt-css-grid {\n  display: flex;\n  flex-flow: row wrap;\n  margin: -15px;\n}\n.cssgridlegacy.no-cssgrid .products-shortcode.products-masonry-shortcode-id-e6ea39f92461cc68a17791d66efae720:not(.resize-by-browser-width) .dt-css-grid .wf-cell,\n.no-cssgridlegacy.no-cssgrid .products-shortcode.products-masonry-shortcode-id-e6ea39f92461cc68a17791d66efae720:not(.resize-by-browser-width) .dt-css-grid .wf-cell {\n  flex: 1 0 ;\n  max-width: 100%;\n  padding: 15px;\n  box-sizing: border-box;\n}\n.products-shortcode.products-masonry-shortcode-id-e6ea39f92461cc68a17791d66efae720.resize-by-browser-width .dt-css-grid {\n  grid-template-columns: repeat(3,1fr);\n  grid-template-rows: auto;\n  grid-column-gap: 30px;\n  grid-row-gap: 30px;\n}\n.cssgridlegacy.no-cssgrid .products-shortcode.products-masonry-shortcode-id-e6ea39f92461cc68a17791d66efae720.resize-by-browser-width .dt-css-grid,\n.no-cssgridlegacy.no-cssgrid .products-shortcode.products-masonry-shortcode-id-e6ea39f92461cc68a17791d66efae720.resize-by-browser-width .dt-css-grid {\n  margin: -15px;\n}\n.cssgridlegacy.no-cssgrid .products-shortcode.products-masonry-shortcode-id-e6ea39f92461cc68a17791d66efae720.resize-by-browser-width .dt-css-grid .wf-cell,\n.no-cssgridlegacy.no-cssgrid .products-shortcode.products-masonry-shortcode-id-e6ea39f92461cc68a17791d66efae720.resize-by-browser-width .dt-css-grid .wf-cell {\n  width: 33.333333333333%;\n  padding: 15px;\n}\n@media screen and (max-width: 1199px) {\n  .products-shortcode.products-masonry-shortcode-id-e6ea39f92461cc68a17791d66efae720.resize-by-browser-width .dt-css-grid {\n    grid-template-columns: repeat(3,1fr);\n  }\n  .cssgridlegacy.no-cssgrid .products-shortcode.products-masonry-shortcode-id-e6ea39f92461cc68a17791d66efae720.resize-by-browser-width .dt-css-grid .wf-cell,\n  .no-cssgridlegacy.no-cssgrid .products-shortcode.products-masonry-shortcode-id-e6ea39f92461cc68a17791d66efae720.resize-by-browser-width .dt-css-grid .wf-cell {\n    width: 33.333333333333%;\n  }\n}\n@media screen and (max-width: 991px) {\n  .products-shortcode.products-masonry-shortcode-id-e6ea39f92461cc68a17791d66efae720.resize-by-browser-width .dt-css-grid {\n    grid-template-columns: repeat(2,1fr);\n  }\n  .cssgridlegacy.no-cssgrid .products-shortcode.products-masonry-shortcode-id-e6ea39f92461cc68a17791d66efae720.resize-by-browser-width .dt-css-grid .wf-cell,\n  .no-cssgridlegacy.no-cssgrid .products-shortcode.products-masonry-shortcode-id-e6ea39f92461cc68a17791d66efae720.resize-by-browser-width .dt-css-grid .wf-cell {\n    width: 50%;\n  }\n}\n@media screen and (max-width: 767px) {\n  .products-shortcode.products-masonry-shortcode-id-e6ea39f92461cc68a17791d66efae720.resize-by-browser-width .dt-css-grid {\n    grid-template-columns: repeat(2,1fr);\n  }\n  .cssgridlegacy.no-cssgrid .products-shortcode.products-masonry-shortcode-id-e6ea39f92461cc68a17791d66efae720.resize-by-browser-width .dt-css-grid .wf-cell,\n  .no-cssgridlegacy.no-cssgrid .products-shortcode.products-masonry-shortcode-id-e6ea39f92461cc68a17791d66efae720.resize-by-browser-width .dt-css-grid .wf-cell {\n    width: 50%;\n  }\n}<\/style><div class=\"products-shortcode products-masonry-shortcode-id-e6ea39f92461cc68a17791d66efae720 mode-grid cart-btn-below-img hide-description hide-rating jquery-filter dt-css-grid-wrap resize-by-browser-width loading-effect-none description-under-image content-align-centre wc-grid\" data-padding=\"15px\" data-cur-page=\"1\" data-post-limit=\"-1\" data-pagination-mode=\"none\" data-desktop-columns-num=\"3\" data-v-tablet-columns-num=\"2\" data-h-tablet-columns-num=\"3\" data-phone-columns-num=\"2\" data-width=\"0px\" data-columns=\"0\"><div class=\"dt-css-grid\" ><div class=\"visible wf-cell visible\" data-post-id=\"6039\" data-date=\"2025-04-26T14:20:41+02:00\" data-name=\"Laines du Nord - Poema Mohair\"><article class=\"post project-odd visible description-off wvs-archive-product-wrapper product type-product post-6039 status-publish first instock product_cat-garne product_cat-garn-kleidungsstucke has-post-thumbnail taxable shipping-taxable purchasable product-type-variable\" ><figure class=\"woocom-project\">\n\t<div class=\"woo-buttons-on-img\">\n\n\t\t<a href=\"https:\/\/www.swisscrochet.ch\/de\/produkt\/laines-du-nord-poema-mohair\/\" class=\"alignnone layzr-bg\"><img loading=\"lazy\" decoding=\"async\" width=\"300\" height=\"300\" src=\"data:image\/svg+xml;charset=utf-8,%3Csvg xmlns%3D&#039;http%3A%2F%2Fwww.w3.org%2F2000%2Fsvg&#039; viewBox%3D&#039;0 0 300 300&#039;%2F%3E\" class=\"attachment-woocommerce_thumbnail size-woocommerce_thumbnail wvs-archive-product-image iso-lazy-load preload-me\" alt=\"Laines du Nord - Poema Mohair\" data-src=\"https:\/\/www.swisscrochet.ch\/wp-content\/uploads\/2025\/04\/Laines-du-Nord-Poema-Mohair-Overview-1-300x300.jpg\" data-srcset=\"https:\/\/www.swisscrochet.ch\/wp-content\/uploads\/2025\/04\/Laines-du-Nord-Poema-Mohair-Overview-1-300x300.jpg 300w, https:\/\/www.swisscrochet.ch\/wp-content\/uploads\/2025\/04\/Laines-du-Nord-Poema-Mohair-Overview-1-150x150.jpg 150w, https:\/\/www.swisscrochet.ch\/wp-content\/uploads\/2025\/04\/Laines-du-Nord-Poema-Mohair-Overview-1-768x768.jpg 768w, https:\/\/www.swisscrochet.ch\/wp-content\/uploads\/2025\/04\/Laines-du-Nord-Poema-Mohair-Overview-1-600x600.jpg 600w, https:\/\/www.swisscrochet.ch\/wp-content\/uploads\/2025\/04\/Laines-du-Nord-Poema-Mohair-Overview-1-200x200.jpg 200w, https:\/\/www.swisscrochet.ch\/wp-content\/uploads\/2025\/04\/Laines-du-Nord-Poema-Mohair-Overview-1-50x50.jpg 50w, https:\/\/www.swisscrochet.ch\/wp-content\/uploads\/2025\/04\/Laines-du-Nord-Poema-Mohair-Overview-1-100x100.jpg 100w, https:\/\/www.swisscrochet.ch\/wp-content\/uploads\/2025\/04\/Laines-du-Nord-Poema-Mohair-Overview-1-64x64.jpg 64w, https:\/\/www.swisscrochet.ch\/wp-content\/uploads\/2025\/04\/Laines-du-Nord-Poema-Mohair-Overview-1.jpg 1000w\" \/><\/a>\n\t<\/div>\n\t<figcaption class=\"woocom-list-content\">\n\n\t\t<div class=\"woo-buttons\"><a href=\"https:\/\/www.swisscrochet.ch\/de\/produkt\/laines-du-nord-poema-mohair\/\" aria-describedby=\"woocommerce_loop_add_to_cart_link_describedby_6039\" data-quantity=\"1\" class=\"product_type_variable add_to_cart_button\" data-product_id=\"6039\" data-product_sku=\"050020000\" aria-label=\"W\u00e4hle Optionen f\u00fcr \u201eLaines du Nord - Poema Mohair\u201c\" rel=\"nofollow\">In den Warenkorb<\/a>\t<span id=\"woocommerce_loop_add_to_cart_link_describedby_6039\" class=\"screen-reader-text\">\n\t\tDieses Produkt weist mehrere Varianten auf. Die Optionen k\u00f6nnen auf der Produktseite gew\u00e4hlt werden\t<\/span>\n<\/div>\n\t<\/figcaption>\n<\/figure>\n<\/article><\/div><div class=\"visible wf-cell visible\" data-post-id=\"5096\" data-date=\"2025-02-28T16:12:09+01:00\" data-name=\"Tulip - Garnnadeln Sortiert - Runde Spitze - Klein\"><article class=\"post project-odd visible description-off product type-product post-5096 status-publish instock product_cat-hakelnadeln-und-zubehor product_cat-sticknadeln has-post-thumbnail taxable shipping-taxable purchasable product-type-simple\" ><figure class=\"woocom-project\">\n\t<div class=\"woo-buttons-on-img\">\n\n\t\t<a href=\"https:\/\/www.swisscrochet.ch\/de\/produkt\/tulip-garnnadeln-sortiert-runde-spitze-klein\/\" class=\"alignnone layzr-bg\"><img loading=\"lazy\" decoding=\"async\" width=\"300\" height=\"300\" src=\"data:image\/svg+xml;charset=utf-8,%3Csvg xmlns%3D&#039;http%3A%2F%2Fwww.w3.org%2F2000%2Fsvg&#039; viewBox%3D&#039;0 0 300 300&#039;%2F%3E\" class=\"attachment-woocommerce_thumbnail size-woocommerce_thumbnail wvs-archive-product-image iso-lazy-load preload-me\" alt=\"Tulip - Garnnadeln Sortiert - Runde Spitze - Klein\" data-src=\"https:\/\/www.swisscrochet.ch\/wp-content\/uploads\/2025\/02\/Tulip-Tapestry-Needles-Assorted-Round-Tip-Small-Overview-300x300.jpg\" data-srcset=\"https:\/\/www.swisscrochet.ch\/wp-content\/uploads\/2025\/02\/Tulip-Tapestry-Needles-Assorted-Round-Tip-Small-Overview-300x300.jpg 300w, https:\/\/www.swisscrochet.ch\/wp-content\/uploads\/2025\/02\/Tulip-Tapestry-Needles-Assorted-Round-Tip-Small-Overview-150x150.jpg 150w, https:\/\/www.swisscrochet.ch\/wp-content\/uploads\/2025\/02\/Tulip-Tapestry-Needles-Assorted-Round-Tip-Small-Overview-768x768.jpg 768w, https:\/\/www.swisscrochet.ch\/wp-content\/uploads\/2025\/02\/Tulip-Tapestry-Needles-Assorted-Round-Tip-Small-Overview-600x600.jpg 600w, https:\/\/www.swisscrochet.ch\/wp-content\/uploads\/2025\/02\/Tulip-Tapestry-Needles-Assorted-Round-Tip-Small-Overview-200x200.jpg 200w, https:\/\/www.swisscrochet.ch\/wp-content\/uploads\/2025\/02\/Tulip-Tapestry-Needles-Assorted-Round-Tip-Small-Overview-50x50.jpg 50w, https:\/\/www.swisscrochet.ch\/wp-content\/uploads\/2025\/02\/Tulip-Tapestry-Needles-Assorted-Round-Tip-Small-Overview-100x100.jpg 100w, https:\/\/www.swisscrochet.ch\/wp-content\/uploads\/2025\/02\/Tulip-Tapestry-Needles-Assorted-Round-Tip-Small-Overview-64x64.jpg 64w, https:\/\/www.swisscrochet.ch\/wp-content\/uploads\/2025\/02\/Tulip-Tapestry-Needles-Assorted-Round-Tip-Small-Overview.jpg 1000w\" \/><\/a>\n\t<\/div>\n\t<figcaption class=\"woocom-list-content\">\n\n\t\t<div class=\"woo-buttons\"><a href=\"\/de\/wp-json\/wp\/v2\/posts\/7732?add-to-cart=5096\" aria-describedby=\"woocommerce_loop_add_to_cart_link_describedby_5096\" data-quantity=\"1\" class=\"product_type_simple add_to_cart_button ajax_add_to_cart\" data-product_id=\"5096\" data-product_sku=\"780080034\" aria-label=\"In den Warenkorb: \u201cTulip - Garnnadeln Sortiert - Runde Spitze - Klein\u201d\" rel=\"nofollow\" data-success_message=\"\u201eTulip - Garnnadeln Sortiert - Runde Spitze - Klein\u201c wurde deinem Warenkorb hinzugef\u00fcgt\" role=\"button\">In den Warenkorb<\/a>\t<span id=\"woocommerce_loop_add_to_cart_link_describedby_5096\" class=\"screen-reader-text\">\n\t\t\t<\/span>\n<\/div>\n\t<\/figcaption>\n<\/figure>\n<\/article><\/div><div class=\"visible wf-cell visible\" data-post-id=\"5064\" data-date=\"2025-02-28T15:11:44+01:00\" data-name=\"Tulip - Maschenmarkierer-Set - Herz\"><article class=\"post project-odd visible description-off wvs-archive-product-wrapper product type-product post-5064 status-publish instock product_cat-hakelnadeln-und-zubehor product_cat-maschenmarkierer has-post-thumbnail taxable shipping-taxable purchasable product-type-variable\" ><figure class=\"woocom-project\">\n\t<div class=\"woo-buttons-on-img\">\n\n\t\t<a href=\"https:\/\/www.swisscrochet.ch\/de\/produkt\/tulip-maschenmarkierer-set-herz\/\" class=\"alignnone layzr-bg\"><img loading=\"lazy\" decoding=\"async\" width=\"300\" height=\"300\" src=\"data:image\/svg+xml;charset=utf-8,%3Csvg xmlns%3D&#039;http%3A%2F%2Fwww.w3.org%2F2000%2Fsvg&#039; viewBox%3D&#039;0 0 300 300&#039;%2F%3E\" class=\"attachment-woocommerce_thumbnail size-woocommerce_thumbnail wvs-archive-product-image iso-lazy-load preload-me\" alt=\"Tulip - Maschenmarkierer-Set - Herz\" data-src=\"https:\/\/www.swisscrochet.ch\/wp-content\/uploads\/2025\/02\/Tulip-Stitch-Markers-Heart-Overview-300x300.jpg\" data-srcset=\"https:\/\/www.swisscrochet.ch\/wp-content\/uploads\/2025\/02\/Tulip-Stitch-Markers-Heart-Overview-300x300.jpg 300w, https:\/\/www.swisscrochet.ch\/wp-content\/uploads\/2025\/02\/Tulip-Stitch-Markers-Heart-Overview-150x150.jpg 150w, https:\/\/www.swisscrochet.ch\/wp-content\/uploads\/2025\/02\/Tulip-Stitch-Markers-Heart-Overview-768x768.jpg 768w, https:\/\/www.swisscrochet.ch\/wp-content\/uploads\/2025\/02\/Tulip-Stitch-Markers-Heart-Overview-600x600.jpg 600w, https:\/\/www.swisscrochet.ch\/wp-content\/uploads\/2025\/02\/Tulip-Stitch-Markers-Heart-Overview-200x200.jpg 200w, https:\/\/www.swisscrochet.ch\/wp-content\/uploads\/2025\/02\/Tulip-Stitch-Markers-Heart-Overview-50x50.jpg 50w, https:\/\/www.swisscrochet.ch\/wp-content\/uploads\/2025\/02\/Tulip-Stitch-Markers-Heart-Overview-100x100.jpg 100w, https:\/\/www.swisscrochet.ch\/wp-content\/uploads\/2025\/02\/Tulip-Stitch-Markers-Heart-Overview-64x64.jpg 64w, https:\/\/www.swisscrochet.ch\/wp-content\/uploads\/2025\/02\/Tulip-Stitch-Markers-Heart-Overview.jpg 1000w\" \/><\/a>\n\t<\/div>\n\t<figcaption class=\"woocom-list-content\">\n\n\t\t<div class=\"woo-buttons\"><a href=\"https:\/\/www.swisscrochet.ch\/de\/produkt\/tulip-maschenmarkierer-set-herz\/\" aria-describedby=\"woocommerce_loop_add_to_cart_link_describedby_5064\" data-quantity=\"1\" class=\"product_type_variable add_to_cart_button\" data-product_id=\"5064\" data-product_sku=\"780080021\" aria-label=\"W\u00e4hle Optionen f\u00fcr \u201eTulip - Maschenmarkierer-Set - Herz\u201c\" rel=\"nofollow\">In den Warenkorb<\/a>\t<span id=\"woocommerce_loop_add_to_cart_link_describedby_5064\" class=\"screen-reader-text\">\n\t\tDieses Produkt weist mehrere Varianten auf. Die Optionen k\u00f6nnen auf der Produktseite gew\u00e4hlt werden\t<\/span>\n<\/div>\n\t<\/figcaption>\n<\/figure>\n<\/article><\/div><div class=\"visible wf-cell visible\" data-post-id=\"5038\" data-date=\"2025-02-28T14:33:38+01:00\" data-name=\"Eucalan \u2013 Waschmittel \u2013 Jasmin 100 ml\"><article class=\"post project-odd visible description-off product type-product post-5038 status-publish last instock product_cat-anderes-zubehoer product_cat-hakelnadeln-und-zubehor has-post-thumbnail taxable shipping-taxable purchasable product-type-simple\" ><figure class=\"woocom-project\">\n\t<div class=\"woo-buttons-on-img\">\n\n\t\t<a href=\"https:\/\/www.swisscrochet.ch\/de\/produkt\/eucalan-waschmittel-jasmin-100-ml\/\" class=\"alignnone layzr-bg\"><img loading=\"lazy\" decoding=\"async\" width=\"300\" height=\"300\" src=\"data:image\/svg+xml;charset=utf-8,%3Csvg xmlns%3D&#039;http%3A%2F%2Fwww.w3.org%2F2000%2Fsvg&#039; viewBox%3D&#039;0 0 300 300&#039;%2F%3E\" class=\"attachment-woocommerce_thumbnail size-woocommerce_thumbnail wvs-archive-product-image iso-lazy-load preload-me\" alt=\"Eucalan \u2013 Waschmittel \u2013 Jasmin 100 ml\" data-src=\"https:\/\/www.swisscrochet.ch\/wp-content\/uploads\/2025\/02\/Eucalan-Jasmin-100ml-300x300.jpg\" data-srcset=\"https:\/\/www.swisscrochet.ch\/wp-content\/uploads\/2025\/02\/Eucalan-Jasmin-100ml-300x300.jpg 300w, https:\/\/www.swisscrochet.ch\/wp-content\/uploads\/2025\/02\/Eucalan-Jasmin-100ml-150x150.jpg 150w, https:\/\/www.swisscrochet.ch\/wp-content\/uploads\/2025\/02\/Eucalan-Jasmin-100ml-768x768.jpg 768w, https:\/\/www.swisscrochet.ch\/wp-content\/uploads\/2025\/02\/Eucalan-Jasmin-100ml-600x600.jpg 600w, https:\/\/www.swisscrochet.ch\/wp-content\/uploads\/2025\/02\/Eucalan-Jasmin-100ml-200x200.jpg 200w, https:\/\/www.swisscrochet.ch\/wp-content\/uploads\/2025\/02\/Eucalan-Jasmin-100ml-50x50.jpg 50w, https:\/\/www.swisscrochet.ch\/wp-content\/uploads\/2025\/02\/Eucalan-Jasmin-100ml-100x100.jpg 100w, https:\/\/www.swisscrochet.ch\/wp-content\/uploads\/2025\/02\/Eucalan-Jasmin-100ml-64x64.jpg 64w, https:\/\/www.swisscrochet.ch\/wp-content\/uploads\/2025\/02\/Eucalan-Jasmin-100ml.jpg 1000w\" \/><\/a>\n\t<\/div>\n\t<figcaption class=\"woocom-list-content\">\n\n\t\t<div class=\"woo-buttons\"><a href=\"\/de\/wp-json\/wp\/v2\/posts\/7732?add-to-cart=5038\" aria-describedby=\"woocommerce_loop_add_to_cart_link_describedby_5038\" data-quantity=\"1\" class=\"product_type_simple add_to_cart_button ajax_add_to_cart\" data-product_id=\"5038\" data-product_sku=\"770010002\" aria-label=\"In den Warenkorb: \u201cEucalan \u2013 Waschmittel \u2013 Jasmin 100 ml\u201d\" rel=\"nofollow\" data-success_message=\"\u201eEucalan \u2013 Waschmittel \u2013 Jasmin 100 ml\u201c wurde deinem Warenkorb hinzugef\u00fcgt\" role=\"button\">In den Warenkorb<\/a>\t<span id=\"woocommerce_loop_add_to_cart_link_describedby_5038\" class=\"screen-reader-text\">\n\t\t\t<\/span>\n<\/div>\n\t<\/figcaption>\n<\/figure>\n<\/article><\/div><div class=\"visible wf-cell visible\" data-post-id=\"4574\" data-date=\"2025-02-21T16:18:06+01:00\" data-name=\"Addi - Mini-Schere\"><article class=\"post project-odd visible description-off product type-product post-4574 status-publish first instock product_cat-hakelnadeln-und-zubehor product_cat-mess-und-schneidzubehoer has-post-thumbnail taxable shipping-taxable purchasable product-type-simple\" ><figure class=\"woocom-project\">\n\t<div class=\"woo-buttons-on-img\">\n\n\t\t<a href=\"https:\/\/www.swisscrochet.ch\/de\/produkt\/addi-mini-scissors\/\" class=\"alignnone layzr-bg\"><img loading=\"lazy\" decoding=\"async\" width=\"300\" height=\"300\" src=\"data:image\/svg+xml;charset=utf-8,%3Csvg xmlns%3D&#039;http%3A%2F%2Fwww.w3.org%2F2000%2Fsvg&#039; viewBox%3D&#039;0 0 300 300&#039;%2F%3E\" class=\"attachment-woocommerce_thumbnail size-woocommerce_thumbnail wvs-archive-product-image iso-lazy-load preload-me\" alt=\"Addi - Mini-Schere\" data-src=\"https:\/\/www.swisscrochet.ch\/wp-content\/uploads\/2025\/02\/Addi-Mini-Scissors-Gold-Overview-300x300.jpg\" data-srcset=\"https:\/\/www.swisscrochet.ch\/wp-content\/uploads\/2025\/02\/Addi-Mini-Scissors-Gold-Overview-300x300.jpg 300w, https:\/\/www.swisscrochet.ch\/wp-content\/uploads\/2025\/02\/Addi-Mini-Scissors-Gold-Overview-150x150.jpg 150w, https:\/\/www.swisscrochet.ch\/wp-content\/uploads\/2025\/02\/Addi-Mini-Scissors-Gold-Overview-768x768.jpg 768w, https:\/\/www.swisscrochet.ch\/wp-content\/uploads\/2025\/02\/Addi-Mini-Scissors-Gold-Overview-600x600.jpg 600w, https:\/\/www.swisscrochet.ch\/wp-content\/uploads\/2025\/02\/Addi-Mini-Scissors-Gold-Overview-200x200.jpg 200w, https:\/\/www.swisscrochet.ch\/wp-content\/uploads\/2025\/02\/Addi-Mini-Scissors-Gold-Overview-50x50.jpg 50w, https:\/\/www.swisscrochet.ch\/wp-content\/uploads\/2025\/02\/Addi-Mini-Scissors-Gold-Overview-100x100.jpg 100w, https:\/\/www.swisscrochet.ch\/wp-content\/uploads\/2025\/02\/Addi-Mini-Scissors-Gold-Overview-64x64.jpg 64w, https:\/\/www.swisscrochet.ch\/wp-content\/uploads\/2025\/02\/Addi-Mini-Scissors-Gold-Overview.jpg 1000w\" \/><\/a>\n\t<\/div>\n\t<figcaption class=\"woocom-list-content\">\n\n\t\t<div class=\"woo-buttons\"><a href=\"\/de\/wp-json\/wp\/v2\/posts\/7732?add-to-cart=4574\" aria-describedby=\"woocommerce_loop_add_to_cart_link_describedby_4574\" data-quantity=\"1\" class=\"product_type_simple add_to_cart_button ajax_add_to_cart\" data-product_id=\"4574\" data-product_sku=\"800030001\" aria-label=\"In den Warenkorb: \u201cAddi - Mini-Schere\u201d\" rel=\"nofollow\" data-success_message=\"\u201eAddi - Mini-Schere\u201c wurde deinem Warenkorb hinzugef\u00fcgt\" role=\"button\">In den Warenkorb<\/a>\t<span id=\"woocommerce_loop_add_to_cart_link_describedby_4574\" class=\"screen-reader-text\">\n\t\t\t<\/span>\n<\/div>\n\t<\/figcaption>\n<\/figure>\n<\/article><\/div><div class=\"visible wf-cell visible\" data-post-id=\"3514\" data-date=\"2025-01-13T20:04:15+01:00\" data-name=\"Tulip - Etimo Red - H\u00e4kelnadel mit weichem Griff\"><article class=\"post project-odd visible description-off wvs-archive-product-wrapper product type-product post-3514 status-publish instock product_cat-haekelnadeln-mit-griff product_cat-hakelnadeln-und-zubehor has-post-thumbnail taxable shipping-taxable purchasable product-type-variable\" ><figure class=\"woocom-project\">\n\t<div class=\"woo-buttons-on-img\">\n\n\t\t<a href=\"https:\/\/www.swisscrochet.ch\/de\/produkt\/tulip-etimo-red-haekelnadel-mit-weichem-griff\/\" class=\"alignnone layzr-bg\"><img loading=\"lazy\" decoding=\"async\" width=\"300\" height=\"300\" src=\"data:image\/svg+xml;charset=utf-8,%3Csvg xmlns%3D&#039;http%3A%2F%2Fwww.w3.org%2F2000%2Fsvg&#039; viewBox%3D&#039;0 0 300 300&#039;%2F%3E\" class=\"attachment-woocommerce_thumbnail size-woocommerce_thumbnail wvs-archive-product-image iso-lazy-load preload-me\" alt=\"Tulip - Etimo Red - H\u00e4kelnadel mit weichem Griff\" data-src=\"https:\/\/www.swisscrochet.ch\/wp-content\/uploads\/2025\/01\/Tulip-Etimo-Red-Crochet-Hook-Overview-300x300.jpg\" data-srcset=\"https:\/\/www.swisscrochet.ch\/wp-content\/uploads\/2025\/01\/Tulip-Etimo-Red-Crochet-Hook-Overview-300x300.jpg 300w, https:\/\/www.swisscrochet.ch\/wp-content\/uploads\/2025\/01\/Tulip-Etimo-Red-Crochet-Hook-Overview-150x150.jpg 150w, https:\/\/www.swisscrochet.ch\/wp-content\/uploads\/2025\/01\/Tulip-Etimo-Red-Crochet-Hook-Overview-768x768.jpg 768w, https:\/\/www.swisscrochet.ch\/wp-content\/uploads\/2025\/01\/Tulip-Etimo-Red-Crochet-Hook-Overview-600x600.jpg 600w, https:\/\/www.swisscrochet.ch\/wp-content\/uploads\/2025\/01\/Tulip-Etimo-Red-Crochet-Hook-Overview-200x200.jpg 200w, https:\/\/www.swisscrochet.ch\/wp-content\/uploads\/2025\/01\/Tulip-Etimo-Red-Crochet-Hook-Overview-50x50.jpg 50w, https:\/\/www.swisscrochet.ch\/wp-content\/uploads\/2025\/01\/Tulip-Etimo-Red-Crochet-Hook-Overview-100x100.jpg 100w, https:\/\/www.swisscrochet.ch\/wp-content\/uploads\/2025\/01\/Tulip-Etimo-Red-Crochet-Hook-Overview-64x64.jpg 64w, https:\/\/www.swisscrochet.ch\/wp-content\/uploads\/2025\/01\/Tulip-Etimo-Red-Crochet-Hook-Overview.jpg 1000w\" \/><\/a>\n\t<\/div>\n\t<figcaption class=\"woocom-list-content\">\n\n\t\t<div class=\"woo-buttons\"><a href=\"https:\/\/www.swisscrochet.ch\/de\/produkt\/tulip-etimo-red-haekelnadel-mit-weichem-griff\/\" aria-describedby=\"woocommerce_loop_add_to_cart_link_describedby_3514\" data-quantity=\"1\" class=\"product_type_variable add_to_cart_button\" data-product_id=\"3514\" data-product_sku=\"780020000\" aria-label=\"W\u00e4hle Optionen f\u00fcr \u201eTulip - Etimo Red - H\u00e4kelnadel mit weichem Griff\u201c\" rel=\"nofollow\">In den Warenkorb<\/a>\t<span id=\"woocommerce_loop_add_to_cart_link_describedby_3514\" class=\"screen-reader-text\">\n\t\tDieses Produkt weist mehrere Varianten auf. Die Optionen k\u00f6nnen auf der Produktseite gew\u00e4hlt werden\t<\/span>\n<\/div>\n\t<\/figcaption>\n<\/figure>\n<\/article><\/div><\/div><!-- iso-container|iso-grid --><\/div>[\/vc_column][\/vc_row]<\/p>\n<\/div>","protected":false},"excerpt":{"rendered":"<p>[vc_row][vc_column][vc_column_text css=&#8220;&#8220;]Heute stelle ich dir das \u201ePressed Violets Shawl\u201c vor \u2013 ein zartes, luftiges Spitzen-Dreieckstuch. Hergestellt mit dem langen Farbverlaufsgarn Poema Mohair vereint es leichte Eleganz mit eindrucksvollen Farbwechseln.[\/vc_column_text][vc_row_inner][vc_column_inner width=&#8220;1\/4&#8243;][vc_single_image image=&#8220;7680&#8243; img_size=&#8220;full&#8220; alignment=&#8220;center&#8220; style=&#8220;vc_box_shadow&#8220; onclick=&#8220;link_image&#8220; css=&#8220;&#8220; image_hovers=&#8220;false&#8220;][\/vc_column_inner][vc_column_inner width=&#8220;1\/4&#8243;][vc_single_image image=&#8220;7684&#8243; img_size=&#8220;full&#8220; alignment=&#8220;center&#8220; style=&#8220;vc_box_shadow&#8220; onclick=&#8220;link_image&#8220; css=&#8220;&#8220; image_hovers=&#8220;false&#8220;][\/vc_column_inner][vc_column_inner width=&#8220;1\/4&#8243;][vc_single_image image=&#8220;7692&#8243; img_size=&#8220;full&#8220; alignment=&#8220;center&#8220; style=&#8220;vc_box_shadow&#8220; onclick=&#8220;link_image&#8220; css=&#8220;&#8220; image_hovers=&#8220;false&#8220;][\/vc_column_inner][vc_column_inner width=&#8220;1\/4&#8243;][vc_single_image image=&#8220;7688&#8243;&hellip;<\/p>\n","protected":false},"author":2,"featured_media":7678,"comment_status":"open","ping_status":"open","sticky":false,"template":"","format":"standard","meta":{"footnotes":""},"categories":[1232],"tags":[1233],"class_list":["post-7732","post","type-post","status-publish","format-standard","has-post-thumbnail","hentry","category-project-ideas-de","tag-poema-mohair-de","category-1232","description-off"],"yoast_head":"<!-- This site is optimized with the Yoast SEO plugin v27.5 - https:\/\/yoast.com\/product\/yoast-seo-wordpress\/ -->\n<title>Das Pressed Violets Tuch aus Poema Mohair &#171; Swiss Crochet<\/title>\n<meta name=\"description\" content=\"Das Pressed Violets Tuch aus Poema Mohair \u2014 ein geh\u00e4keltes Spitzentuch aus weichem, seidigem Mohairgarn mit langen, nahtlosen Farbverl\u00e4ufen.\" \/>\n<meta name=\"robots\" content=\"index, follow, max-snippet:-1, max-image-preview:large, max-video-preview:-1\" \/>\n<link rel=\"canonical\" href=\"https:\/\/www.swisscrochet.ch\/de\/2025\/06\/das-pressed-violets-tuch-aus-poema-mohair\/\" \/>\n<meta property=\"og:locale\" content=\"de_DE\" \/>\n<meta property=\"og:type\" content=\"article\" \/>\n<meta property=\"og:title\" content=\"Das Pressed Violets Tuch aus Poema Mohair &#171; Swiss Crochet\" \/>\n<meta property=\"og:description\" content=\"Das Pressed Violets Tuch aus Poema Mohair \u2014 ein geh\u00e4keltes Spitzentuch aus weichem, seidigem Mohairgarn mit langen, nahtlosen Farbverl\u00e4ufen.\" \/>\n<meta property=\"og:url\" content=\"https:\/\/www.swisscrochet.ch\/de\/2025\/06\/das-pressed-violets-tuch-aus-poema-mohair\/\" \/>\n<meta property=\"og:site_name\" content=\"Swiss Crochet\" \/>\n<meta property=\"article:published_time\" content=\"2025-06-10T18:44:39+00:00\" \/>\n<meta property=\"article:modified_time\" content=\"2025-06-10T19:16:39+00:00\" \/>\n<meta property=\"og:image\" content=\"https:\/\/www.swisscrochet.ch\/wp-content\/uploads\/2025\/06\/Pressed-Violets-Shawl-Poema-Mohair-1.jpg\" \/>\n\t<meta property=\"og:image:width\" content=\"1000\" \/>\n\t<meta property=\"og:image:height\" content=\"1000\" \/>\n\t<meta property=\"og:image:type\" content=\"image\/jpeg\" \/>\n<meta name=\"author\" content=\"Assimina Saranti\" \/>\n<meta name=\"twitter:card\" content=\"summary_large_image\" \/>\n<meta name=\"twitter:label1\" content=\"Verfasst von\" \/>\n\t<meta name=\"twitter:data1\" content=\"Assimina Saranti\" \/>\n\t<meta name=\"twitter:label2\" content=\"Gesch\u00e4tzte Lesezeit\" \/>\n\t<meta name=\"twitter:data2\" content=\"6\u00a0Minuten\" \/>\n<script type=\"application\/ld+json\" class=\"yoast-schema-graph\">{\"@context\":\"https:\\\/\\\/schema.org\",\"@graph\":[{\"@type\":\"Article\",\"@id\":\"https:\\\/\\\/www.swisscrochet.ch\\\/de\\\/2025\\\/06\\\/das-pressed-violets-tuch-aus-poema-mohair\\\/#article\",\"isPartOf\":{\"@id\":\"https:\\\/\\\/www.swisscrochet.ch\\\/de\\\/2025\\\/06\\\/das-pressed-violets-tuch-aus-poema-mohair\\\/\"},\"author\":{\"name\":\"Assimina Saranti\",\"@id\":\"https:\\\/\\\/www.swisscrochet.ch\\\/#\\\/schema\\\/person\\\/c8f2fc1f13760b7c5845ca81c3c79fad\"},\"headline\":\"Das Pressed Violets Tuch aus Poema Mohair\",\"datePublished\":\"2025-06-10T18:44:39+00:00\",\"dateModified\":\"2025-06-10T19:16:39+00:00\",\"mainEntityOfPage\":{\"@id\":\"https:\\\/\\\/www.swisscrochet.ch\\\/de\\\/2025\\\/06\\\/das-pressed-violets-tuch-aus-poema-mohair\\\/\"},\"wordCount\":965,\"commentCount\":0,\"image\":{\"@id\":\"https:\\\/\\\/www.swisscrochet.ch\\\/de\\\/2025\\\/06\\\/das-pressed-violets-tuch-aus-poema-mohair\\\/#primaryimage\"},\"thumbnailUrl\":\"https:\\\/\\\/www.swisscrochet.ch\\\/wp-content\\\/uploads\\\/2025\\\/06\\\/Pressed-Violets-Shawl-Poema-Mohair-1.jpg\",\"keywords\":[\"poema-mohair\"],\"articleSection\":[\"Projektideen\"],\"inLanguage\":\"de\",\"potentialAction\":[{\"@type\":\"CommentAction\",\"name\":\"Comment\",\"target\":[\"https:\\\/\\\/www.swisscrochet.ch\\\/de\\\/2025\\\/06\\\/das-pressed-violets-tuch-aus-poema-mohair\\\/#respond\"]}]},{\"@type\":\"WebPage\",\"@id\":\"https:\\\/\\\/www.swisscrochet.ch\\\/de\\\/2025\\\/06\\\/das-pressed-violets-tuch-aus-poema-mohair\\\/\",\"url\":\"https:\\\/\\\/www.swisscrochet.ch\\\/de\\\/2025\\\/06\\\/das-pressed-violets-tuch-aus-poema-mohair\\\/\",\"name\":\"Das Pressed Violets Tuch aus Poema Mohair &#171; Swiss Crochet\",\"isPartOf\":{\"@id\":\"https:\\\/\\\/www.swisscrochet.ch\\\/#website\"},\"primaryImageOfPage\":{\"@id\":\"https:\\\/\\\/www.swisscrochet.ch\\\/de\\\/2025\\\/06\\\/das-pressed-violets-tuch-aus-poema-mohair\\\/#primaryimage\"},\"image\":{\"@id\":\"https:\\\/\\\/www.swisscrochet.ch\\\/de\\\/2025\\\/06\\\/das-pressed-violets-tuch-aus-poema-mohair\\\/#primaryimage\"},\"thumbnailUrl\":\"https:\\\/\\\/www.swisscrochet.ch\\\/wp-content\\\/uploads\\\/2025\\\/06\\\/Pressed-Violets-Shawl-Poema-Mohair-1.jpg\",\"datePublished\":\"2025-06-10T18:44:39+00:00\",\"dateModified\":\"2025-06-10T19:16:39+00:00\",\"author\":{\"@id\":\"https:\\\/\\\/www.swisscrochet.ch\\\/#\\\/schema\\\/person\\\/c8f2fc1f13760b7c5845ca81c3c79fad\"},\"description\":\"Das Pressed Violets Tuch aus Poema Mohair \u2014 ein geh\u00e4keltes Spitzentuch aus weichem, seidigem Mohairgarn mit langen, nahtlosen Farbverl\u00e4ufen.\",\"breadcrumb\":{\"@id\":\"https:\\\/\\\/www.swisscrochet.ch\\\/de\\\/2025\\\/06\\\/das-pressed-violets-tuch-aus-poema-mohair\\\/#breadcrumb\"},\"inLanguage\":\"de\",\"potentialAction\":[{\"@type\":\"ReadAction\",\"target\":[\"https:\\\/\\\/www.swisscrochet.ch\\\/de\\\/2025\\\/06\\\/das-pressed-violets-tuch-aus-poema-mohair\\\/\"]}]},{\"@type\":\"ImageObject\",\"inLanguage\":\"de\",\"@id\":\"https:\\\/\\\/www.swisscrochet.ch\\\/de\\\/2025\\\/06\\\/das-pressed-violets-tuch-aus-poema-mohair\\\/#primaryimage\",\"url\":\"https:\\\/\\\/www.swisscrochet.ch\\\/wp-content\\\/uploads\\\/2025\\\/06\\\/Pressed-Violets-Shawl-Poema-Mohair-1.jpg\",\"contentUrl\":\"https:\\\/\\\/www.swisscrochet.ch\\\/wp-content\\\/uploads\\\/2025\\\/06\\\/Pressed-Violets-Shawl-Poema-Mohair-1.jpg\",\"width\":1000,\"height\":1000},{\"@type\":\"BreadcrumbList\",\"@id\":\"https:\\\/\\\/www.swisscrochet.ch\\\/de\\\/2025\\\/06\\\/das-pressed-violets-tuch-aus-poema-mohair\\\/#breadcrumb\",\"itemListElement\":[{\"@type\":\"ListItem\",\"position\":1,\"name\":\"Home\",\"item\":\"https:\\\/\\\/www.swisscrochet.ch\\\/de\\\/\"},{\"@type\":\"ListItem\",\"position\":2,\"name\":\"Das Pressed Violets Tuch aus Poema Mohair\"}]},{\"@type\":\"WebSite\",\"@id\":\"https:\\\/\\\/www.swisscrochet.ch\\\/#website\",\"url\":\"https:\\\/\\\/www.swisscrochet.ch\\\/\",\"name\":\"Swiss Crochet\",\"description\":\"Entfalte dein kreatives Potenzial\",\"potentialAction\":[{\"@type\":\"SearchAction\",\"target\":{\"@type\":\"EntryPoint\",\"urlTemplate\":\"https:\\\/\\\/www.swisscrochet.ch\\\/?s={search_term_string}\"},\"query-input\":{\"@type\":\"PropertyValueSpecification\",\"valueRequired\":true,\"valueName\":\"search_term_string\"}}],\"inLanguage\":\"de\"},{\"@type\":\"Person\",\"@id\":\"https:\\\/\\\/www.swisscrochet.ch\\\/#\\\/schema\\\/person\\\/c8f2fc1f13760b7c5845ca81c3c79fad\",\"name\":\"Assimina Saranti\",\"url\":\"https:\\\/\\\/www.swisscrochet.ch\\\/de\\\/author\\\/assiminasaranti\\\/\"}]}<\/script>\n<!-- \/ Yoast SEO plugin. -->","yoast_head_json":{"title":"Das Pressed Violets Tuch aus Poema Mohair &#171; Swiss Crochet","description":"Das Pressed Violets Tuch aus Poema Mohair \u2014 ein geh\u00e4keltes Spitzentuch aus weichem, seidigem Mohairgarn mit langen, nahtlosen Farbverl\u00e4ufen.","robots":{"index":"index","follow":"follow","max-snippet":"max-snippet:-1","max-image-preview":"max-image-preview:large","max-video-preview":"max-video-preview:-1"},"canonical":"https:\/\/www.swisscrochet.ch\/de\/2025\/06\/das-pressed-violets-tuch-aus-poema-mohair\/","og_locale":"de_DE","og_type":"article","og_title":"Das Pressed Violets Tuch aus Poema Mohair &#171; Swiss Crochet","og_description":"Das Pressed Violets Tuch aus Poema Mohair \u2014 ein geh\u00e4keltes Spitzentuch aus weichem, seidigem Mohairgarn mit langen, nahtlosen Farbverl\u00e4ufen.","og_url":"https:\/\/www.swisscrochet.ch\/de\/2025\/06\/das-pressed-violets-tuch-aus-poema-mohair\/","og_site_name":"Swiss Crochet","article_published_time":"2025-06-10T18:44:39+00:00","article_modified_time":"2025-06-10T19:16:39+00:00","og_image":[{"width":1000,"height":1000,"url":"https:\/\/www.swisscrochet.ch\/wp-content\/uploads\/2025\/06\/Pressed-Violets-Shawl-Poema-Mohair-1.jpg","type":"image\/jpeg"}],"author":"Assimina Saranti","twitter_card":"summary_large_image","twitter_misc":{"Verfasst von":"Assimina Saranti","Gesch\u00e4tzte Lesezeit":"6\u00a0Minuten"},"schema":{"@context":"https:\/\/schema.org","@graph":[{"@type":"Article","@id":"https:\/\/www.swisscrochet.ch\/de\/2025\/06\/das-pressed-violets-tuch-aus-poema-mohair\/#article","isPartOf":{"@id":"https:\/\/www.swisscrochet.ch\/de\/2025\/06\/das-pressed-violets-tuch-aus-poema-mohair\/"},"author":{"name":"Assimina Saranti","@id":"https:\/\/www.swisscrochet.ch\/#\/schema\/person\/c8f2fc1f13760b7c5845ca81c3c79fad"},"headline":"Das Pressed Violets Tuch aus Poema Mohair","datePublished":"2025-06-10T18:44:39+00:00","dateModified":"2025-06-10T19:16:39+00:00","mainEntityOfPage":{"@id":"https:\/\/www.swisscrochet.ch\/de\/2025\/06\/das-pressed-violets-tuch-aus-poema-mohair\/"},"wordCount":965,"commentCount":0,"image":{"@id":"https:\/\/www.swisscrochet.ch\/de\/2025\/06\/das-pressed-violets-tuch-aus-poema-mohair\/#primaryimage"},"thumbnailUrl":"https:\/\/www.swisscrochet.ch\/wp-content\/uploads\/2025\/06\/Pressed-Violets-Shawl-Poema-Mohair-1.jpg","keywords":["poema-mohair"],"articleSection":["Projektideen"],"inLanguage":"de","potentialAction":[{"@type":"CommentAction","name":"Comment","target":["https:\/\/www.swisscrochet.ch\/de\/2025\/06\/das-pressed-violets-tuch-aus-poema-mohair\/#respond"]}]},{"@type":"WebPage","@id":"https:\/\/www.swisscrochet.ch\/de\/2025\/06\/das-pressed-violets-tuch-aus-poema-mohair\/","url":"https:\/\/www.swisscrochet.ch\/de\/2025\/06\/das-pressed-violets-tuch-aus-poema-mohair\/","name":"Das Pressed Violets Tuch aus Poema Mohair &#171; Swiss Crochet","isPartOf":{"@id":"https:\/\/www.swisscrochet.ch\/#website"},"primaryImageOfPage":{"@id":"https:\/\/www.swisscrochet.ch\/de\/2025\/06\/das-pressed-violets-tuch-aus-poema-mohair\/#primaryimage"},"image":{"@id":"https:\/\/www.swisscrochet.ch\/de\/2025\/06\/das-pressed-violets-tuch-aus-poema-mohair\/#primaryimage"},"thumbnailUrl":"https:\/\/www.swisscrochet.ch\/wp-content\/uploads\/2025\/06\/Pressed-Violets-Shawl-Poema-Mohair-1.jpg","datePublished":"2025-06-10T18:44:39+00:00","dateModified":"2025-06-10T19:16:39+00:00","author":{"@id":"https:\/\/www.swisscrochet.ch\/#\/schema\/person\/c8f2fc1f13760b7c5845ca81c3c79fad"},"description":"Das Pressed Violets Tuch aus Poema Mohair \u2014 ein geh\u00e4keltes Spitzentuch aus weichem, seidigem Mohairgarn mit langen, nahtlosen Farbverl\u00e4ufen.","breadcrumb":{"@id":"https:\/\/www.swisscrochet.ch\/de\/2025\/06\/das-pressed-violets-tuch-aus-poema-mohair\/#breadcrumb"},"inLanguage":"de","potentialAction":[{"@type":"ReadAction","target":["https:\/\/www.swisscrochet.ch\/de\/2025\/06\/das-pressed-violets-tuch-aus-poema-mohair\/"]}]},{"@type":"ImageObject","inLanguage":"de","@id":"https:\/\/www.swisscrochet.ch\/de\/2025\/06\/das-pressed-violets-tuch-aus-poema-mohair\/#primaryimage","url":"https:\/\/www.swisscrochet.ch\/wp-content\/uploads\/2025\/06\/Pressed-Violets-Shawl-Poema-Mohair-1.jpg","contentUrl":"https:\/\/www.swisscrochet.ch\/wp-content\/uploads\/2025\/06\/Pressed-Violets-Shawl-Poema-Mohair-1.jpg","width":1000,"height":1000},{"@type":"BreadcrumbList","@id":"https:\/\/www.swisscrochet.ch\/de\/2025\/06\/das-pressed-violets-tuch-aus-poema-mohair\/#breadcrumb","itemListElement":[{"@type":"ListItem","position":1,"name":"Home","item":"https:\/\/www.swisscrochet.ch\/de\/"},{"@type":"ListItem","position":2,"name":"Das Pressed Violets Tuch aus Poema Mohair"}]},{"@type":"WebSite","@id":"https:\/\/www.swisscrochet.ch\/#website","url":"https:\/\/www.swisscrochet.ch\/","name":"Swiss Crochet","description":"Entfalte dein kreatives Potenzial","potentialAction":[{"@type":"SearchAction","target":{"@type":"EntryPoint","urlTemplate":"https:\/\/www.swisscrochet.ch\/?s={search_term_string}"},"query-input":{"@type":"PropertyValueSpecification","valueRequired":true,"valueName":"search_term_string"}}],"inLanguage":"de"},{"@type":"Person","@id":"https:\/\/www.swisscrochet.ch\/#\/schema\/person\/c8f2fc1f13760b7c5845ca81c3c79fad","name":"Assimina Saranti","url":"https:\/\/www.swisscrochet.ch\/de\/author\/assiminasaranti\/"}]}},"_links":{"self":[{"href":"https:\/\/www.swisscrochet.ch\/de\/wp-json\/wp\/v2\/posts\/7732","targetHints":{"allow":["GET"]}}],"collection":[{"href":"https:\/\/www.swisscrochet.ch\/de\/wp-json\/wp\/v2\/posts"}],"about":[{"href":"https:\/\/www.swisscrochet.ch\/de\/wp-json\/wp\/v2\/types\/post"}],"author":[{"embeddable":true,"href":"https:\/\/www.swisscrochet.ch\/de\/wp-json\/wp\/v2\/users\/2"}],"replies":[{"embeddable":true,"href":"https:\/\/www.swisscrochet.ch\/de\/wp-json\/wp\/v2\/comments?post=7732"}],"version-history":[{"count":0,"href":"https:\/\/www.swisscrochet.ch\/de\/wp-json\/wp\/v2\/posts\/7732\/revisions"}],"wp:featuredmedia":[{"embeddable":true,"href":"https:\/\/www.swisscrochet.ch\/de\/wp-json\/wp\/v2\/media\/7678"}],"wp:attachment":[{"href":"https:\/\/www.swisscrochet.ch\/de\/wp-json\/wp\/v2\/media?parent=7732"}],"wp:term":[{"taxonomy":"category","embeddable":true,"href":"https:\/\/www.swisscrochet.ch\/de\/wp-json\/wp\/v2\/categories?post=7732"},{"taxonomy":"post_tag","embeddable":true,"href":"https:\/\/www.swisscrochet.ch\/de\/wp-json\/wp\/v2\/tags?post=7732"}],"curies":[{"name":"wp","href":"https:\/\/api.w.org\/{rel}","templated":true}]}}