{"id":7731,"date":"2025-06-10T20:44:39","date_gmt":"2025-06-10T18:44:39","guid":{"rendered":"https:\/\/www.swisscrochet.ch\/2025\/06\/the-pressed-violets-shawl-in-poema-mohair\/"},"modified":"2025-06-10T21:02:24","modified_gmt":"2025-06-10T19:02:24","slug":"le-chale-pressed-violets-en-poema-mohair","status":"publish","type":"post","link":"https:\/\/www.swisscrochet.ch\/fr\/2025\/06\/le-chale-pressed-violets-en-poema-mohair\/","title":{"rendered":"Le ch\u00e2le Pressed Violets en Poema Mohair"},"content":{"rendered":"<div class=\"wpb-content-wrapper\"><p>[vc_row][vc_column][vc_column_text css=\u00a0\u00bb\u00a0\u00bb]Aujourd\u2019hui, je vous pr\u00e9sente le Pressed Violets Shawl, un ch\u00e2le triangulaire d\u00e9licat et a\u00e9rien. R\u00e9alis\u00e9 avec le fil \u00e0 long gradient Poema Mohair, ce ch\u00e2le marie \u00e9l\u00e9gance l\u00e9g\u00e8re et transitions de couleurs saisissantes.[\/vc_column_text][vc_row_inner][vc_column_inner width=\u00a0\u00bb1\/4&Prime;][vc_single_image image=\u00a0\u00bb7680&Prime; img_size=\u00a0\u00bbfull\u00a0\u00bb alignment=\u00a0\u00bbcenter\u00a0\u00bb style=\u00a0\u00bbvc_box_shadow\u00a0\u00bb onclick=\u00a0\u00bblink_image\u00a0\u00bb css=\u00a0\u00bb\u00a0\u00bb image_hovers=\u00a0\u00bbfalse\u00a0\u00bb][\/vc_column_inner][vc_column_inner width=\u00a0\u00bb1\/4&Prime;][vc_single_image image=\u00a0\u00bb7684&Prime; img_size=\u00a0\u00bbfull\u00a0\u00bb alignment=\u00a0\u00bbcenter\u00a0\u00bb style=\u00a0\u00bbvc_box_shadow\u00a0\u00bb onclick=\u00a0\u00bblink_image\u00a0\u00bb css=\u00a0\u00bb\u00a0\u00bb image_hovers=\u00a0\u00bbfalse\u00a0\u00bb][\/vc_column_inner][vc_column_inner width=\u00a0\u00bb1\/4&Prime;][vc_single_image image=\u00a0\u00bb7692&Prime; img_size=\u00a0\u00bbfull\u00a0\u00bb alignment=\u00a0\u00bbcenter\u00a0\u00bb style=\u00a0\u00bbvc_box_shadow\u00a0\u00bb onclick=\u00a0\u00bblink_image\u00a0\u00bb css=\u00a0\u00bb\u00a0\u00bb image_hovers=\u00a0\u00bbfalse\u00a0\u00bb][\/vc_column_inner][vc_column_inner width=\u00a0\u00bb1\/4&Prime;][vc_single_image image=\u00a0\u00bb7688&Prime; img_size=\u00a0\u00bbfull\u00a0\u00bb alignment=\u00a0\u00bbcenter\u00a0\u00bb style=\u00a0\u00bbvc_box_shadow\u00a0\u00bb onclick=\u00a0\u00bblink_image\u00a0\u00bb css=\u00a0\u00bb\u00a0\u00bb image_hovers=\u00a0\u00bbfalse\u00a0\u00bb][\/vc_column_inner][\/vc_row_inner][vc_column_text css=\u00a0\u00bb\u00a0\u00bb]<\/p>\n<h2>Le Fil<\/h2>\n<p>Quand j\u2019ai d\u00e9couvert le fil Poema Mohair de Laines du Nord au salon h+h de Cologne en mars dernier, j\u2019ai su que j\u2019avais trouv\u00e9 un fil exceptionnel.<\/p>\n<p>Fabriqu\u00e9 avec du mohair de haute qualit\u00e9 en provenance d\u2019Afrique du Sud, ce fil soie-mohair est produit sans ajout de silicone, permettant au mohair de s\u2019\u00e9panouir pleinement. Chaque \u00e9cheveau se pare ainsi d\u2019un halo doux et \u00abduveteux\u00bb.<\/p>\n<p>Ce qui distingue particuli\u00e8rement Poema Mohair, ce sont ses magnifiques d\u00e9grad\u00e9s. Laines du Nord est connue pour cr\u00e9er de longs gradients reproduits avec une pr\u00e9cision remarquable \u2013 il y a peu ou pas de diff\u00e9rences entre les lots.<\/p>\n<p>Comme tous les teinturiers professionnels vous le diront, reproduire des d\u00e9grad\u00e9s avec pr\u00e9cision est un vrai d\u00e9fi technique![\/vc_column_text][vc_row_inner][vc_column_inner width=\u00a0\u00bb1\/3&Prime;][vc_single_image image=\u00a0\u00bb7708&Prime; img_size=\u00a0\u00bbfull\u00a0\u00bb alignment=\u00a0\u00bbcenter\u00a0\u00bb style=\u00a0\u00bbvc_box_shadow\u00a0\u00bb onclick=\u00a0\u00bblink_image\u00a0\u00bb css=\u00a0\u00bb\u00a0\u00bb image_hovers=\u00a0\u00bbfalse\u00a0\u00bb][\/vc_column_inner][vc_column_inner width=\u00a0\u00bb1\/3&Prime;][vc_single_image image=\u00a0\u00bb7716&Prime; img_size=\u00a0\u00bbfull\u00a0\u00bb alignment=\u00a0\u00bbcenter\u00a0\u00bb style=\u00a0\u00bbvc_box_shadow\u00a0\u00bb onclick=\u00a0\u00bblink_image\u00a0\u00bb css=\u00a0\u00bb\u00a0\u00bb image_hovers=\u00a0\u00bbfalse\u00a0\u00bb][\/vc_column_inner][vc_column_inner width=\u00a0\u00bb1\/3&Prime;][vc_single_image image=\u00a0\u00bb7712&Prime; img_size=\u00a0\u00bbfull\u00a0\u00bb alignment=\u00a0\u00bbcenter\u00a0\u00bb style=\u00a0\u00bbvc_box_shadow\u00a0\u00bb onclick=\u00a0\u00bblink_image\u00a0\u00bb css=\u00a0\u00bb\u00a0\u00bb image_hovers=\u00a0\u00bbfalse\u00a0\u00bb][\/vc_column_inner][\/vc_row_inner][vc_row_inner][vc_column_inner width=\u00a0\u00bb1\/2&Prime;][vc_single_image image=\u00a0\u00bb7704&Prime; img_size=\u00a0\u00bbfull\u00a0\u00bb alignment=\u00a0\u00bbcenter\u00a0\u00bb style=\u00a0\u00bbvc_box_shadow\u00a0\u00bb onclick=\u00a0\u00bblink_image\u00a0\u00bb css=\u00a0\u00bb\u00a0\u00bb image_hovers=\u00a0\u00bbfalse\u00a0\u00bb][\/vc_column_inner][vc_column_inner width=\u00a0\u00bb1\/2&Prime;][vc_single_image image=\u00a0\u00bb7676&Prime; img_size=\u00a0\u00bbfull\u00a0\u00bb alignment=\u00a0\u00bbcenter\u00a0\u00bb style=\u00a0\u00bbvc_box_shadow\u00a0\u00bb onclick=\u00a0\u00bblink_image\u00a0\u00bb css=\u00a0\u00bb\u00a0\u00bb image_hovers=\u00a0\u00bbfalse\u00a0\u00bb][\/vc_column_inner][\/vc_row_inner][vc_column_text css=\u00a0\u00bb\u00a0\u00bb]<\/p>\n<h2>Le Mod\u00e8le<\/h2>\n<p>D\u00e8s que Poema Mohair est arriv\u00e9 chez Swiss Crochet, je me suis mise en qu\u00eate d\u2019un mod\u00e8le \u2013 qu\u2019allais-je faire avec ce fil?<\/p>\n<p>\u00c9videmment, je suis all\u00e9e sur Ravelry et j\u2019ai parcouru ma wishlist et mes favoris. J\u2019ai rapidement trouv\u00e9 le mod\u00e8le que j\u2019avais envie de r\u00e9aliser depuis longtemps: le <a href=\"https:\/\/www.ravelry.com\/patterns\/library\/pressed-violets-shawl\">Pressed Violets Shawl<\/a> de <a href=\"https:\/\/www.cupofstitches.com\/\">Lena Fedotova<\/a>.<\/p>\n<p>Le Pressed Violets Shawl met en avant un motif g\u00e9om\u00e9trique simple en bride et maille en l\u2019air \u2013 un petit motif filet r\u00e9p\u00e9t\u00e9. La bordure peut sembler complexe mais reste assez simple \u00e0 ex\u00e9cuter.<\/p>\n<p>Le mod\u00e8le propose des explications \u00e9crites et un diagramme, avec mesures et sch\u00e9ma \u2013 facile \u00e0 suivre.<\/p>\n<p>J\u2019ai choisi la version triangulaire, mais la version rectangulaire est \u00e9galement incluse.<\/p>\n<p>Ce petit motif g\u00e9om\u00e9trique s\u2019accorde parfaitement aux transitions lentes du gradient \u2013 aucune couleur ni texture ne domine.<\/p>\n<p>Je suis fan du travail de Lena depuis longtemps, et crocheter ses mod\u00e8les est toujours un plaisir. Elle propose des motifs originaux, magnifiques et amusants \u00e0 r\u00e9aliser! Le Pressed Violets Shawl en est un bel exemple.[\/vc_column_text][vc_row_inner][vc_column_inner width=\u00a0\u00bb1\/2&Prime;][vc_single_image image=\u00a0\u00bb7696&Prime; img_size=\u00a0\u00bbfull\u00a0\u00bb alignment=\u00a0\u00bbcenter\u00a0\u00bb style=\u00a0\u00bbvc_box_shadow\u00a0\u00bb onclick=\u00a0\u00bblink_image\u00a0\u00bb css=\u00a0\u00bb\u00a0\u00bb image_hovers=\u00a0\u00bbfalse\u00a0\u00bb][\/vc_column_inner][vc_column_inner width=\u00a0\u00bb1\/2&Prime;][vc_single_image image=\u00a0\u00bb7700&Prime; img_size=\u00a0\u00bbfull\u00a0\u00bb alignment=\u00a0\u00bbcenter\u00a0\u00bb style=\u00a0\u00bbvc_box_shadow\u00a0\u00bb onclick=\u00a0\u00bblink_image\u00a0\u00bb css=\u00a0\u00bb\u00a0\u00bb image_hovers=\u00a0\u00bbfalse\u00a0\u00bb][\/vc_column_inner][\/vc_row_inner][vc_column_text css=\u00a0\u00bb\u00a0\u00bb]<\/p>\n<h2>Le Projet<\/h2>\n<p>Pour ce projet, je voulais vraiment un grand ch\u00e2le, alors j\u2019ai utilis\u00e9 deux \u00e9cheveaux de Poema Mohair couleur 07. J\u2019ai commenc\u00e9 chaque fil par l\u2019extr\u00e9mit\u00e9 bleu clair.<\/p>\n<p>Pour harmoniser le gradient des deux \u00e9cheveaux, j\u2019ai utilis\u00e9 une technique simple: 2 rangs avec le premier, 2 rangs avec le second, en alternance \u2013 des bandes de 2 rangs.<\/p>\n<p>Mon objectif \u00e9tait d\u2019utiliser pleinement les deux \u00e9cheveaux, alors j\u2019ai travaill\u00e9 autant de rangs du motif principal que possible avant de passer \u00e0 la bordure. Il m\u2019a manqu\u00e9 juste assez de fil pour la derni\u00e8re bordure en picot, donc mon ch\u00e2le est un peu plus \u00abarrondi\u00bb qu\u2019originalement \u2013 et j\u2019aime beaucoup \u00e7a!<\/p>\n<p>D\u00e8s que j\u2019ai termin\u00e9, j\u2019ai lav\u00e9 le ch\u00e2le avec Eucalan \u2013 ce qui a permis au fil de d\u00e9velopper tout son halo et lui donner un d\u00e9licat parfum de jasmin. Avec la tenue du point et la composition des fibres, il n\u2019a pas \u00e9t\u00e9 n\u00e9cessaire de bloquer \u2013 simplement le laisser s\u00e9cher \u00e0 plat. Si j\u2019avais travaill\u00e9 plus l\u00e2che ou plus serr\u00e9, un blocage aurait peut-\u00eatre \u00e9t\u00e9 n\u00e9cessaire.<\/p>\n<p>J\u2019ai pris beaucoup de plaisir \u00e0 r\u00e9aliser ce ch\u00e2le et je suis ravie du r\u00e9sultat \u2013 m\u00eame si le temps se r\u00e9chauffe, la douceur et les couleurs \u00e9clatantes de ce ch\u00e2le sont irr\u00e9sistibles! \ud83d\ude0a[\/vc_column_text][\/vc_column][\/vc_row][vc_row][vc_column][vc_column_text css=\u00a0\u00bb\u00a0\u00bb]<\/p>\n<h2>Utilis\u00e9 dans ce projet<\/h2>\n<ul>\n<li>le mod\u00e8le <a href=\"https:\/\/www.ravelry.com\/patterns\/library\/pressed-violets-shawl\">Pressed Violets Shawl<\/a> (disponible en anglais et en espagnol)<\/li>\n<li>2 \u00e9cheveaux de <a href=\"https:\/\/www.swisscrochet.ch\/fr\/produit\/laines-du-nord-poema-mohair\/\">Poema Mohair<\/a><\/li>\n<li><a href=\"https:\/\/www.swisscrochet.ch\/fr\/produit\/tulip-etimo-red-crochet-avec-manche-souple\/?attribute_size=3.00+mm\">crochet 3.00\u202fmm<\/a><\/li>\n<li>quelques <a href=\"https:\/\/www.swisscrochet.ch\/fr\/produit\/tulip-set-de-marqueurs-de-maille-coeur\/\">markeurs de maille<\/a><\/li>\n<li>une <a href=\"https:\/\/www.swisscrochet.ch\/fr\/produit\/tulip-aiguilles-a-tapisserie-assorties-pointe-ronde-petite\/\">aiguille \u00e0 laine<\/a> pour rentrer les fils<\/li>\n<li><a href=\"https:\/\/www.swisscrochet.ch\/fr\/produit\/addi-mini-scissors\/\">ciseaux<\/a><\/li>\n<li><a href=\"https:\/\/www.swisscrochet.ch\/fr\/produit\/eucalan-lessive-liquide-jasmin-100-ml\/\">Eucalan<\/a> pour un lavage doux et parfum\u00e9<\/li>\n<\/ul>\n<p>[\/vc_column_text]<style type=\"text\/css\" data-type=\"the7_shortcodes-inline-css\">.products-shortcode.products-masonry-shortcode-id-7a1e305f1897256d9f06186cef600274 .filter-bg-decoration .filter-categories a.act {\n  color: #fff;\n}\n.products-shortcode.products-masonry-shortcode-id-7a1e305f1897256d9f06186cef600274:not(.resize-by-browser-width) .dt-css-grid {\n  grid-row-gap: 30px;\n  grid-column-gap: 30px;\n  grid-template-columns: repeat(auto-fill,minmax(,1fr));\n}\n.cssgridlegacy.no-cssgrid .products-shortcode.products-masonry-shortcode-id-7a1e305f1897256d9f06186cef600274:not(.resize-by-browser-width) .dt-css-grid,\n.no-cssgridlegacy.no-cssgrid .products-shortcode.products-masonry-shortcode-id-7a1e305f1897256d9f06186cef600274:not(.resize-by-browser-width) .dt-css-grid {\n  display: flex;\n  flex-flow: row wrap;\n  margin: -15px;\n}\n.cssgridlegacy.no-cssgrid .products-shortcode.products-masonry-shortcode-id-7a1e305f1897256d9f06186cef600274:not(.resize-by-browser-width) .dt-css-grid .wf-cell,\n.no-cssgridlegacy.no-cssgrid .products-shortcode.products-masonry-shortcode-id-7a1e305f1897256d9f06186cef600274:not(.resize-by-browser-width) .dt-css-grid .wf-cell {\n  flex: 1 0 ;\n  max-width: 100%;\n  padding: 15px;\n  box-sizing: border-box;\n}\n.products-shortcode.products-masonry-shortcode-id-7a1e305f1897256d9f06186cef600274.resize-by-browser-width .dt-css-grid {\n  grid-template-columns: repeat(3,1fr);\n  grid-template-rows: auto;\n  grid-column-gap: 30px;\n  grid-row-gap: 30px;\n}\n.cssgridlegacy.no-cssgrid .products-shortcode.products-masonry-shortcode-id-7a1e305f1897256d9f06186cef600274.resize-by-browser-width .dt-css-grid,\n.no-cssgridlegacy.no-cssgrid .products-shortcode.products-masonry-shortcode-id-7a1e305f1897256d9f06186cef600274.resize-by-browser-width .dt-css-grid {\n  margin: -15px;\n}\n.cssgridlegacy.no-cssgrid .products-shortcode.products-masonry-shortcode-id-7a1e305f1897256d9f06186cef600274.resize-by-browser-width .dt-css-grid .wf-cell,\n.no-cssgridlegacy.no-cssgrid .products-shortcode.products-masonry-shortcode-id-7a1e305f1897256d9f06186cef600274.resize-by-browser-width .dt-css-grid .wf-cell {\n  width: 33.333333333333%;\n  padding: 15px;\n}\n@media screen and (max-width: 1199px) {\n  .products-shortcode.products-masonry-shortcode-id-7a1e305f1897256d9f06186cef600274.resize-by-browser-width .dt-css-grid {\n    grid-template-columns: repeat(3,1fr);\n  }\n  .cssgridlegacy.no-cssgrid .products-shortcode.products-masonry-shortcode-id-7a1e305f1897256d9f06186cef600274.resize-by-browser-width .dt-css-grid .wf-cell,\n  .no-cssgridlegacy.no-cssgrid .products-shortcode.products-masonry-shortcode-id-7a1e305f1897256d9f06186cef600274.resize-by-browser-width .dt-css-grid .wf-cell {\n    width: 33.333333333333%;\n  }\n}\n@media screen and (max-width: 991px) {\n  .products-shortcode.products-masonry-shortcode-id-7a1e305f1897256d9f06186cef600274.resize-by-browser-width .dt-css-grid {\n    grid-template-columns: repeat(2,1fr);\n  }\n  .cssgridlegacy.no-cssgrid .products-shortcode.products-masonry-shortcode-id-7a1e305f1897256d9f06186cef600274.resize-by-browser-width .dt-css-grid .wf-cell,\n  .no-cssgridlegacy.no-cssgrid .products-shortcode.products-masonry-shortcode-id-7a1e305f1897256d9f06186cef600274.resize-by-browser-width .dt-css-grid .wf-cell {\n    width: 50%;\n  }\n}\n@media screen and (max-width: 767px) {\n  .products-shortcode.products-masonry-shortcode-id-7a1e305f1897256d9f06186cef600274.resize-by-browser-width .dt-css-grid {\n    grid-template-columns: repeat(2,1fr);\n  }\n  .cssgridlegacy.no-cssgrid .products-shortcode.products-masonry-shortcode-id-7a1e305f1897256d9f06186cef600274.resize-by-browser-width .dt-css-grid .wf-cell,\n  .no-cssgridlegacy.no-cssgrid .products-shortcode.products-masonry-shortcode-id-7a1e305f1897256d9f06186cef600274.resize-by-browser-width .dt-css-grid .wf-cell {\n    width: 50%;\n  }\n}<\/style><div class=\"products-shortcode products-masonry-shortcode-id-7a1e305f1897256d9f06186cef600274 mode-grid cart-btn-below-img hide-description hide-rating jquery-filter dt-css-grid-wrap resize-by-browser-width loading-effect-none description-under-image content-align-centre wc-grid\" data-padding=\"15px\" data-cur-page=\"1\" data-post-limit=\"-1\" data-pagination-mode=\"none\" data-desktop-columns-num=\"3\" data-v-tablet-columns-num=\"2\" data-h-tablet-columns-num=\"3\" data-phone-columns-num=\"2\" data-width=\"0px\" data-columns=\"0\"><div class=\"dt-css-grid\" ><div class=\"visible wf-cell visible\" data-post-id=\"6030\" data-date=\"2025-04-26T14:20:41+02:00\" data-name=\"Laines du Nord - Poema Mohair\"><article class=\"post project-odd visible description-off wvs-archive-product-wrapper product type-product post-6030 status-publish first instock product_cat-fils product_cat-fils-vetements has-post-thumbnail taxable shipping-taxable purchasable product-type-variable\" ><figure class=\"woocom-project\">\n\t<div class=\"woo-buttons-on-img\">\n\n\t\t<a href=\"https:\/\/www.swisscrochet.ch\/fr\/produit\/laines-du-nord-poema-mohair\/\" class=\"alignnone layzr-bg\"><img loading=\"lazy\" decoding=\"async\" width=\"300\" height=\"300\" src=\"data:image\/svg+xml;charset=utf-8,%3Csvg xmlns%3D&#039;http%3A%2F%2Fwww.w3.org%2F2000%2Fsvg&#039; viewBox%3D&#039;0 0 300 300&#039;%2F%3E\" class=\"attachment-woocommerce_thumbnail size-woocommerce_thumbnail wvs-archive-product-image iso-lazy-load preload-me\" alt=\"Laines du Nord - Poema Mohair\" data-src=\"https:\/\/www.swisscrochet.ch\/wp-content\/uploads\/2025\/04\/Laines-du-Nord-Poema-Mohair-Overview-1-300x300.jpg\" data-srcset=\"https:\/\/www.swisscrochet.ch\/wp-content\/uploads\/2025\/04\/Laines-du-Nord-Poema-Mohair-Overview-1-300x300.jpg 300w, https:\/\/www.swisscrochet.ch\/wp-content\/uploads\/2025\/04\/Laines-du-Nord-Poema-Mohair-Overview-1-150x150.jpg 150w, https:\/\/www.swisscrochet.ch\/wp-content\/uploads\/2025\/04\/Laines-du-Nord-Poema-Mohair-Overview-1-768x768.jpg 768w, https:\/\/www.swisscrochet.ch\/wp-content\/uploads\/2025\/04\/Laines-du-Nord-Poema-Mohair-Overview-1-600x600.jpg 600w, https:\/\/www.swisscrochet.ch\/wp-content\/uploads\/2025\/04\/Laines-du-Nord-Poema-Mohair-Overview-1-200x200.jpg 200w, https:\/\/www.swisscrochet.ch\/wp-content\/uploads\/2025\/04\/Laines-du-Nord-Poema-Mohair-Overview-1-50x50.jpg 50w, https:\/\/www.swisscrochet.ch\/wp-content\/uploads\/2025\/04\/Laines-du-Nord-Poema-Mohair-Overview-1-100x100.jpg 100w, https:\/\/www.swisscrochet.ch\/wp-content\/uploads\/2025\/04\/Laines-du-Nord-Poema-Mohair-Overview-1-64x64.jpg 64w, https:\/\/www.swisscrochet.ch\/wp-content\/uploads\/2025\/04\/Laines-du-Nord-Poema-Mohair-Overview-1.jpg 1000w\" \/><\/a>\n\t<\/div>\n\t<figcaption class=\"woocom-list-content\">\n\n\t\t<div class=\"woo-buttons\"><a href=\"https:\/\/www.swisscrochet.ch\/fr\/produit\/laines-du-nord-poema-mohair\/\" aria-describedby=\"woocommerce_loop_add_to_cart_link_describedby_6030\" data-quantity=\"1\" class=\"product_type_variable add_to_cart_button\" data-product_id=\"6030\" data-product_sku=\"050020000\" aria-label=\"S\u00e9lectionner les options pour &ldquo;Laines du Nord - Poema Mohair&rdquo;\" rel=\"nofollow\">Ajouter au panier<\/a>\t<span id=\"woocommerce_loop_add_to_cart_link_describedby_6030\" class=\"screen-reader-text\">\n\t\tCe produit a plusieurs variations. Les options peuvent \u00eatre choisies sur la page du produit\t<\/span>\n<\/div>\n\t<\/figcaption>\n<\/figure>\n<\/article><\/div><div class=\"visible wf-cell visible\" data-post-id=\"5095\" data-date=\"2025-02-28T16:12:09+01:00\" data-name=\"Tulip - Aiguilles \u00e0 Tapisserie Assorties - Pointe Ronde - Petite\"><article class=\"post project-odd visible description-off product type-product post-5095 status-publish instock product_cat-aiguilles-a-tapisserie product_cat-crochets-et-outils has-post-thumbnail taxable shipping-taxable purchasable product-type-simple\" ><figure class=\"woocom-project\">\n\t<div class=\"woo-buttons-on-img\">\n\n\t\t<a href=\"https:\/\/www.swisscrochet.ch\/fr\/produit\/tulip-aiguilles-a-tapisserie-assorties-pointe-ronde-petite\/\" class=\"alignnone layzr-bg\"><img loading=\"lazy\" decoding=\"async\" width=\"300\" height=\"300\" src=\"data:image\/svg+xml;charset=utf-8,%3Csvg xmlns%3D&#039;http%3A%2F%2Fwww.w3.org%2F2000%2Fsvg&#039; viewBox%3D&#039;0 0 300 300&#039;%2F%3E\" class=\"attachment-woocommerce_thumbnail size-woocommerce_thumbnail wvs-archive-product-image iso-lazy-load preload-me\" alt=\"Tulip - Aiguilles \u00e0 Tapisserie Assorties - Pointe Ronde - Petite\" data-src=\"https:\/\/www.swisscrochet.ch\/wp-content\/uploads\/2025\/02\/Tulip-Tapestry-Needles-Assorted-Round-Tip-Small-Overview-300x300.jpg\" data-srcset=\"https:\/\/www.swisscrochet.ch\/wp-content\/uploads\/2025\/02\/Tulip-Tapestry-Needles-Assorted-Round-Tip-Small-Overview-300x300.jpg 300w, https:\/\/www.swisscrochet.ch\/wp-content\/uploads\/2025\/02\/Tulip-Tapestry-Needles-Assorted-Round-Tip-Small-Overview-150x150.jpg 150w, https:\/\/www.swisscrochet.ch\/wp-content\/uploads\/2025\/02\/Tulip-Tapestry-Needles-Assorted-Round-Tip-Small-Overview-768x768.jpg 768w, https:\/\/www.swisscrochet.ch\/wp-content\/uploads\/2025\/02\/Tulip-Tapestry-Needles-Assorted-Round-Tip-Small-Overview-600x600.jpg 600w, https:\/\/www.swisscrochet.ch\/wp-content\/uploads\/2025\/02\/Tulip-Tapestry-Needles-Assorted-Round-Tip-Small-Overview-200x200.jpg 200w, https:\/\/www.swisscrochet.ch\/wp-content\/uploads\/2025\/02\/Tulip-Tapestry-Needles-Assorted-Round-Tip-Small-Overview-50x50.jpg 50w, https:\/\/www.swisscrochet.ch\/wp-content\/uploads\/2025\/02\/Tulip-Tapestry-Needles-Assorted-Round-Tip-Small-Overview-100x100.jpg 100w, https:\/\/www.swisscrochet.ch\/wp-content\/uploads\/2025\/02\/Tulip-Tapestry-Needles-Assorted-Round-Tip-Small-Overview-64x64.jpg 64w, https:\/\/www.swisscrochet.ch\/wp-content\/uploads\/2025\/02\/Tulip-Tapestry-Needles-Assorted-Round-Tip-Small-Overview.jpg 1000w\" \/><\/a>\n\t<\/div>\n\t<figcaption class=\"woocom-list-content\">\n\n\t\t<div class=\"woo-buttons\"><a href=\"\/fr\/wp-json\/wp\/v2\/posts\/7731?add-to-cart=5095\" aria-describedby=\"woocommerce_loop_add_to_cart_link_describedby_5095\" data-quantity=\"1\" class=\"product_type_simple add_to_cart_button ajax_add_to_cart\" data-product_id=\"5095\" data-product_sku=\"780080034\" aria-label=\"Ajouter au panier: \u201cTulip - Aiguilles \u00e0 Tapisserie Assorties - Pointe Ronde - Petite\u201d\" rel=\"nofollow\" data-success_message=\"\u00ab\u00a0Tulip - Aiguilles \u00e0 Tapisserie Assorties - Pointe Ronde - Petite\u00a0\u00bb a \u00e9t\u00e9 ajout\u00e9 \u00e0 votre panier\" role=\"button\">Ajouter au panier<\/a>\t<span id=\"woocommerce_loop_add_to_cart_link_describedby_5095\" class=\"screen-reader-text\">\n\t\t\t<\/span>\n<\/div>\n\t<\/figcaption>\n<\/figure>\n<\/article><\/div><div class=\"visible wf-cell visible\" data-post-id=\"5060\" data-date=\"2025-02-28T15:11:44+01:00\" data-name=\"Tulip - Set de marqueurs de maille - C\u0153ur\"><article class=\"post project-odd visible description-off wvs-archive-product-wrapper product type-product post-5060 status-publish instock product_cat-crochets-et-outils product_cat-marqueurs-de-maille has-post-thumbnail taxable shipping-taxable purchasable product-type-variable\" ><figure class=\"woocom-project\">\n\t<div class=\"woo-buttons-on-img\">\n\n\t\t<a href=\"https:\/\/www.swisscrochet.ch\/fr\/produit\/tulip-set-de-marqueurs-de-maille-coeur\/\" class=\"alignnone layzr-bg\"><img loading=\"lazy\" decoding=\"async\" width=\"300\" height=\"300\" src=\"data:image\/svg+xml;charset=utf-8,%3Csvg xmlns%3D&#039;http%3A%2F%2Fwww.w3.org%2F2000%2Fsvg&#039; viewBox%3D&#039;0 0 300 300&#039;%2F%3E\" class=\"attachment-woocommerce_thumbnail size-woocommerce_thumbnail wvs-archive-product-image iso-lazy-load preload-me\" alt=\"Tulip - Set de marqueurs de maille - C\u0153ur\" data-src=\"https:\/\/www.swisscrochet.ch\/wp-content\/uploads\/2025\/02\/Tulip-Stitch-Markers-Heart-Overview-300x300.jpg\" data-srcset=\"https:\/\/www.swisscrochet.ch\/wp-content\/uploads\/2025\/02\/Tulip-Stitch-Markers-Heart-Overview-300x300.jpg 300w, https:\/\/www.swisscrochet.ch\/wp-content\/uploads\/2025\/02\/Tulip-Stitch-Markers-Heart-Overview-150x150.jpg 150w, https:\/\/www.swisscrochet.ch\/wp-content\/uploads\/2025\/02\/Tulip-Stitch-Markers-Heart-Overview-768x768.jpg 768w, https:\/\/www.swisscrochet.ch\/wp-content\/uploads\/2025\/02\/Tulip-Stitch-Markers-Heart-Overview-600x600.jpg 600w, https:\/\/www.swisscrochet.ch\/wp-content\/uploads\/2025\/02\/Tulip-Stitch-Markers-Heart-Overview-200x200.jpg 200w, https:\/\/www.swisscrochet.ch\/wp-content\/uploads\/2025\/02\/Tulip-Stitch-Markers-Heart-Overview-50x50.jpg 50w, https:\/\/www.swisscrochet.ch\/wp-content\/uploads\/2025\/02\/Tulip-Stitch-Markers-Heart-Overview-100x100.jpg 100w, https:\/\/www.swisscrochet.ch\/wp-content\/uploads\/2025\/02\/Tulip-Stitch-Markers-Heart-Overview-64x64.jpg 64w, https:\/\/www.swisscrochet.ch\/wp-content\/uploads\/2025\/02\/Tulip-Stitch-Markers-Heart-Overview.jpg 1000w\" \/><\/a>\n\t<\/div>\n\t<figcaption class=\"woocom-list-content\">\n\n\t\t<div class=\"woo-buttons\"><a href=\"https:\/\/www.swisscrochet.ch\/fr\/produit\/tulip-set-de-marqueurs-de-maille-coeur\/\" aria-describedby=\"woocommerce_loop_add_to_cart_link_describedby_5060\" data-quantity=\"1\" class=\"product_type_variable add_to_cart_button\" data-product_id=\"5060\" data-product_sku=\"780080021\" aria-label=\"S\u00e9lectionner les options pour &ldquo;Tulip - Set de marqueurs de maille - C\u0153ur&rdquo;\" rel=\"nofollow\">Ajouter au panier<\/a>\t<span id=\"woocommerce_loop_add_to_cart_link_describedby_5060\" class=\"screen-reader-text\">\n\t\tCe produit a plusieurs variations. Les options peuvent \u00eatre choisies sur la page du produit\t<\/span>\n<\/div>\n\t<\/figcaption>\n<\/figure>\n<\/article><\/div><div class=\"visible wf-cell visible\" data-post-id=\"5037\" data-date=\"2025-02-28T14:33:38+01:00\" data-name=\"Eucalan \u2013 Lessive liquide \u2013 Jasmin 100 ml\"><article class=\"post project-odd visible description-off product type-product post-5037 status-publish last instock product_cat-autres-accessoires product_cat-crochets-et-outils has-post-thumbnail taxable shipping-taxable purchasable product-type-simple\" ><figure class=\"woocom-project\">\n\t<div class=\"woo-buttons-on-img\">\n\n\t\t<a href=\"https:\/\/www.swisscrochet.ch\/fr\/produit\/eucalan-lessive-liquide-jasmin-100-ml\/\" class=\"alignnone layzr-bg\"><img loading=\"lazy\" decoding=\"async\" width=\"300\" height=\"300\" src=\"data:image\/svg+xml;charset=utf-8,%3Csvg xmlns%3D&#039;http%3A%2F%2Fwww.w3.org%2F2000%2Fsvg&#039; viewBox%3D&#039;0 0 300 300&#039;%2F%3E\" class=\"attachment-woocommerce_thumbnail size-woocommerce_thumbnail wvs-archive-product-image iso-lazy-load preload-me\" alt=\"Eucalan \u2013 Lessive liquide \u2013 Jasmin 100 ml\" data-src=\"https:\/\/www.swisscrochet.ch\/wp-content\/uploads\/2025\/02\/Eucalan-Jasmin-100ml-300x300.jpg\" data-srcset=\"https:\/\/www.swisscrochet.ch\/wp-content\/uploads\/2025\/02\/Eucalan-Jasmin-100ml-300x300.jpg 300w, https:\/\/www.swisscrochet.ch\/wp-content\/uploads\/2025\/02\/Eucalan-Jasmin-100ml-150x150.jpg 150w, https:\/\/www.swisscrochet.ch\/wp-content\/uploads\/2025\/02\/Eucalan-Jasmin-100ml-768x768.jpg 768w, https:\/\/www.swisscrochet.ch\/wp-content\/uploads\/2025\/02\/Eucalan-Jasmin-100ml-600x600.jpg 600w, https:\/\/www.swisscrochet.ch\/wp-content\/uploads\/2025\/02\/Eucalan-Jasmin-100ml-200x200.jpg 200w, https:\/\/www.swisscrochet.ch\/wp-content\/uploads\/2025\/02\/Eucalan-Jasmin-100ml-50x50.jpg 50w, https:\/\/www.swisscrochet.ch\/wp-content\/uploads\/2025\/02\/Eucalan-Jasmin-100ml-100x100.jpg 100w, https:\/\/www.swisscrochet.ch\/wp-content\/uploads\/2025\/02\/Eucalan-Jasmin-100ml-64x64.jpg 64w, https:\/\/www.swisscrochet.ch\/wp-content\/uploads\/2025\/02\/Eucalan-Jasmin-100ml.jpg 1000w\" \/><\/a>\n\t<\/div>\n\t<figcaption class=\"woocom-list-content\">\n\n\t\t<div class=\"woo-buttons\"><a href=\"\/fr\/wp-json\/wp\/v2\/posts\/7731?add-to-cart=5037\" aria-describedby=\"woocommerce_loop_add_to_cart_link_describedby_5037\" data-quantity=\"1\" class=\"product_type_simple add_to_cart_button ajax_add_to_cart\" data-product_id=\"5037\" data-product_sku=\"770010002\" aria-label=\"Ajouter au panier: \u201cEucalan \u2013 Lessive liquide \u2013 Jasmin 100 ml\u201d\" rel=\"nofollow\" data-success_message=\"\u00ab\u00a0Eucalan \u2013 Lessive liquide \u2013 Jasmin 100 ml\u00a0\u00bb a \u00e9t\u00e9 ajout\u00e9 \u00e0 votre panier\" role=\"button\">Ajouter au panier<\/a>\t<span id=\"woocommerce_loop_add_to_cart_link_describedby_5037\" class=\"screen-reader-text\">\n\t\t\t<\/span>\n<\/div>\n\t<\/figcaption>\n<\/figure>\n<\/article><\/div><div class=\"visible wf-cell visible\" data-post-id=\"4573\" data-date=\"2025-02-21T16:18:06+01:00\" data-name=\"Addi - Mini ciseaux\"><article class=\"post project-odd visible description-off product type-product post-4573 status-publish first instock product_cat-crochets-et-outils product_cat-outils-de-mesure-et-de-coupe has-post-thumbnail taxable shipping-taxable purchasable product-type-simple\" ><figure class=\"woocom-project\">\n\t<div class=\"woo-buttons-on-img\">\n\n\t\t<a href=\"https:\/\/www.swisscrochet.ch\/fr\/produit\/addi-mini-scissors\/\" class=\"alignnone layzr-bg\"><img loading=\"lazy\" decoding=\"async\" width=\"300\" height=\"300\" src=\"data:image\/svg+xml;charset=utf-8,%3Csvg xmlns%3D&#039;http%3A%2F%2Fwww.w3.org%2F2000%2Fsvg&#039; viewBox%3D&#039;0 0 300 300&#039;%2F%3E\" class=\"attachment-woocommerce_thumbnail size-woocommerce_thumbnail wvs-archive-product-image iso-lazy-load preload-me\" alt=\"Addi - Mini ciseaux\" data-src=\"https:\/\/www.swisscrochet.ch\/wp-content\/uploads\/2025\/02\/Addi-Mini-Scissors-Gold-Overview-300x300.jpg\" data-srcset=\"https:\/\/www.swisscrochet.ch\/wp-content\/uploads\/2025\/02\/Addi-Mini-Scissors-Gold-Overview-300x300.jpg 300w, https:\/\/www.swisscrochet.ch\/wp-content\/uploads\/2025\/02\/Addi-Mini-Scissors-Gold-Overview-150x150.jpg 150w, https:\/\/www.swisscrochet.ch\/wp-content\/uploads\/2025\/02\/Addi-Mini-Scissors-Gold-Overview-768x768.jpg 768w, https:\/\/www.swisscrochet.ch\/wp-content\/uploads\/2025\/02\/Addi-Mini-Scissors-Gold-Overview-600x600.jpg 600w, https:\/\/www.swisscrochet.ch\/wp-content\/uploads\/2025\/02\/Addi-Mini-Scissors-Gold-Overview-200x200.jpg 200w, https:\/\/www.swisscrochet.ch\/wp-content\/uploads\/2025\/02\/Addi-Mini-Scissors-Gold-Overview-50x50.jpg 50w, https:\/\/www.swisscrochet.ch\/wp-content\/uploads\/2025\/02\/Addi-Mini-Scissors-Gold-Overview-100x100.jpg 100w, https:\/\/www.swisscrochet.ch\/wp-content\/uploads\/2025\/02\/Addi-Mini-Scissors-Gold-Overview-64x64.jpg 64w, https:\/\/www.swisscrochet.ch\/wp-content\/uploads\/2025\/02\/Addi-Mini-Scissors-Gold-Overview.jpg 1000w\" \/><\/a>\n\t<\/div>\n\t<figcaption class=\"woocom-list-content\">\n\n\t\t<div class=\"woo-buttons\"><a href=\"\/fr\/wp-json\/wp\/v2\/posts\/7731?add-to-cart=4573\" aria-describedby=\"woocommerce_loop_add_to_cart_link_describedby_4573\" data-quantity=\"1\" class=\"product_type_simple add_to_cart_button ajax_add_to_cart\" data-product_id=\"4573\" data-product_sku=\"800030001\" aria-label=\"Ajouter au panier: \u201cAddi - Mini ciseaux\u201d\" rel=\"nofollow\" data-success_message=\"\u00ab\u00a0Addi - Mini ciseaux\u00a0\u00bb a \u00e9t\u00e9 ajout\u00e9 \u00e0 votre panier\" role=\"button\">Ajouter au panier<\/a>\t<span id=\"woocommerce_loop_add_to_cart_link_describedby_4573\" class=\"screen-reader-text\">\n\t\t\t<\/span>\n<\/div>\n\t<\/figcaption>\n<\/figure>\n<\/article><\/div><div class=\"visible wf-cell visible\" data-post-id=\"3501\" data-date=\"2025-01-13T20:04:15+01:00\" data-name=\"Tulip - Etimo Red - Crochet avec manche souple\"><article class=\"post project-odd visible description-off wvs-archive-product-wrapper product type-product post-3501 status-publish instock product_cat-crochets-avec-poignee product_cat-crochets-et-outils has-post-thumbnail taxable shipping-taxable purchasable product-type-variable\" ><figure class=\"woocom-project\">\n\t<div class=\"woo-buttons-on-img\">\n\n\t\t<a href=\"https:\/\/www.swisscrochet.ch\/fr\/produit\/tulip-etimo-red-crochet-avec-manche-souple\/\" class=\"alignnone layzr-bg\"><img loading=\"lazy\" decoding=\"async\" width=\"300\" height=\"300\" src=\"data:image\/svg+xml;charset=utf-8,%3Csvg xmlns%3D&#039;http%3A%2F%2Fwww.w3.org%2F2000%2Fsvg&#039; viewBox%3D&#039;0 0 300 300&#039;%2F%3E\" class=\"attachment-woocommerce_thumbnail size-woocommerce_thumbnail wvs-archive-product-image iso-lazy-load preload-me\" alt=\"Tulip - Etimo Red - Crochet avec manche souple\" data-src=\"https:\/\/www.swisscrochet.ch\/wp-content\/uploads\/2025\/01\/Tulip-Etimo-Red-Crochet-Hook-Overview-300x300.jpg\" data-srcset=\"https:\/\/www.swisscrochet.ch\/wp-content\/uploads\/2025\/01\/Tulip-Etimo-Red-Crochet-Hook-Overview-300x300.jpg 300w, https:\/\/www.swisscrochet.ch\/wp-content\/uploads\/2025\/01\/Tulip-Etimo-Red-Crochet-Hook-Overview-150x150.jpg 150w, https:\/\/www.swisscrochet.ch\/wp-content\/uploads\/2025\/01\/Tulip-Etimo-Red-Crochet-Hook-Overview-768x768.jpg 768w, https:\/\/www.swisscrochet.ch\/wp-content\/uploads\/2025\/01\/Tulip-Etimo-Red-Crochet-Hook-Overview-600x600.jpg 600w, https:\/\/www.swisscrochet.ch\/wp-content\/uploads\/2025\/01\/Tulip-Etimo-Red-Crochet-Hook-Overview-200x200.jpg 200w, https:\/\/www.swisscrochet.ch\/wp-content\/uploads\/2025\/01\/Tulip-Etimo-Red-Crochet-Hook-Overview-50x50.jpg 50w, https:\/\/www.swisscrochet.ch\/wp-content\/uploads\/2025\/01\/Tulip-Etimo-Red-Crochet-Hook-Overview-100x100.jpg 100w, https:\/\/www.swisscrochet.ch\/wp-content\/uploads\/2025\/01\/Tulip-Etimo-Red-Crochet-Hook-Overview-64x64.jpg 64w, https:\/\/www.swisscrochet.ch\/wp-content\/uploads\/2025\/01\/Tulip-Etimo-Red-Crochet-Hook-Overview.jpg 1000w\" \/><\/a>\n\t<\/div>\n\t<figcaption class=\"woocom-list-content\">\n\n\t\t<div class=\"woo-buttons\"><a href=\"https:\/\/www.swisscrochet.ch\/fr\/produit\/tulip-etimo-red-crochet-avec-manche-souple\/\" aria-describedby=\"woocommerce_loop_add_to_cart_link_describedby_3501\" data-quantity=\"1\" class=\"product_type_variable add_to_cart_button\" data-product_id=\"3501\" data-product_sku=\"780020000\" aria-label=\"S\u00e9lectionner les options pour &ldquo;Tulip - Etimo Red - Crochet avec manche souple&rdquo;\" rel=\"nofollow\">Ajouter au panier<\/a>\t<span id=\"woocommerce_loop_add_to_cart_link_describedby_3501\" class=\"screen-reader-text\">\n\t\tCe produit a plusieurs variations. Les options peuvent \u00eatre choisies sur la page du produit\t<\/span>\n<\/div>\n\t<\/figcaption>\n<\/figure>\n<\/article><\/div><\/div><!-- iso-container|iso-grid --><\/div>[\/vc_column][\/vc_row]<\/p>\n<\/div>","protected":false},"excerpt":{"rendered":"<p>[vc_row][vc_column][vc_column_text css=\u00a0\u00bb\u00a0\u00bb]Aujourd\u2019hui, je vous pr\u00e9sente le Pressed Violets Shawl, un ch\u00e2le triangulaire d\u00e9licat et a\u00e9rien. R\u00e9alis\u00e9 avec le fil \u00e0 long gradient Poema Mohair, ce ch\u00e2le marie \u00e9l\u00e9gance l\u00e9g\u00e8re et transitions de couleurs saisissantes.[\/vc_column_text][vc_row_inner][vc_column_inner width=\u00a0\u00bb1\/4&Prime;][vc_single_image image=\u00a0\u00bb7680&Prime; img_size=\u00a0\u00bbfull\u00a0\u00bb alignment=\u00a0\u00bbcenter\u00a0\u00bb style=\u00a0\u00bbvc_box_shadow\u00a0\u00bb onclick=\u00a0\u00bblink_image\u00a0\u00bb css=\u00a0\u00bb\u00a0\u00bb image_hovers=\u00a0\u00bbfalse\u00a0\u00bb][\/vc_column_inner][vc_column_inner width=\u00a0\u00bb1\/4&Prime;][vc_single_image image=\u00a0\u00bb7684&Prime; img_size=\u00a0\u00bbfull\u00a0\u00bb alignment=\u00a0\u00bbcenter\u00a0\u00bb style=\u00a0\u00bbvc_box_shadow\u00a0\u00bb onclick=\u00a0\u00bblink_image\u00a0\u00bb css=\u00a0\u00bb\u00a0\u00bb image_hovers=\u00a0\u00bbfalse\u00a0\u00bb][\/vc_column_inner][vc_column_inner width=\u00a0\u00bb1\/4&Prime;][vc_single_image image=\u00a0\u00bb7692&Prime; img_size=\u00a0\u00bbfull\u00a0\u00bb alignment=\u00a0\u00bbcenter\u00a0\u00bb style=\u00a0\u00bbvc_box_shadow\u00a0\u00bb&hellip;<\/p>\n","protected":false},"author":2,"featured_media":7677,"comment_status":"open","ping_status":"open","sticky":false,"template":"","format":"standard","meta":{"footnotes":""},"categories":[1230],"tags":[1231],"class_list":["post-7731","post","type-post","status-publish","format-standard","has-post-thumbnail","hentry","category-project-ideas-fr","tag-poema-mohair-fr","category-1230","description-off"],"yoast_head":"<!-- This site is optimized with the Yoast SEO plugin v27.5 - https:\/\/yoast.com\/product\/yoast-seo-wordpress\/ -->\n<title>Le ch\u00e2le Pressed Violets en Poema Mohair &#171; Swiss Crochet<\/title>\n<meta name=\"description\" content=\"Le ch\u00e2le Pressed Violets en Poema Mohair \u2014 un ch\u00e2le en dentelle crochet\u00e9e r\u00e9alis\u00e9 avec un fil mohair doux et soyeux aux longs d\u00e9grad\u00e9s sans transition.\" \/>\n<meta name=\"robots\" content=\"index, follow, max-snippet:-1, max-image-preview:large, max-video-preview:-1\" \/>\n<link rel=\"canonical\" href=\"https:\/\/www.swisscrochet.ch\/fr\/2025\/06\/le-chale-pressed-violets-en-poema-mohair\/\" \/>\n<meta property=\"og:locale\" content=\"fr_FR\" \/>\n<meta property=\"og:type\" content=\"article\" \/>\n<meta property=\"og:title\" content=\"Le ch\u00e2le Pressed Violets en Poema Mohair &#171; Swiss Crochet\" \/>\n<meta property=\"og:description\" content=\"Le ch\u00e2le Pressed Violets en Poema Mohair \u2014 un ch\u00e2le en dentelle crochet\u00e9e r\u00e9alis\u00e9 avec un fil mohair doux et soyeux aux longs d\u00e9grad\u00e9s sans transition.\" \/>\n<meta property=\"og:url\" content=\"https:\/\/www.swisscrochet.ch\/fr\/2025\/06\/le-chale-pressed-violets-en-poema-mohair\/\" \/>\n<meta property=\"og:site_name\" content=\"Swiss Crochet\" \/>\n<meta property=\"article:published_time\" content=\"2025-06-10T18:44:39+00:00\" \/>\n<meta property=\"article:modified_time\" content=\"2025-06-10T19:02:24+00:00\" \/>\n<meta property=\"og:image\" content=\"https:\/\/www.swisscrochet.ch\/wp-content\/uploads\/2025\/06\/Pressed-Violets-Shawl-Poema-Mohair-1.jpg\" \/>\n\t<meta property=\"og:image:width\" content=\"1000\" \/>\n\t<meta property=\"og:image:height\" content=\"1000\" \/>\n\t<meta property=\"og:image:type\" content=\"image\/jpeg\" \/>\n<meta name=\"author\" content=\"Assimina Saranti\" \/>\n<meta name=\"twitter:card\" content=\"summary_large_image\" \/>\n<meta name=\"twitter:label1\" content=\"\u00c9crit par\" \/>\n\t<meta name=\"twitter:data1\" content=\"Assimina Saranti\" \/>\n\t<meta name=\"twitter:label2\" content=\"Dur\u00e9e de lecture estim\u00e9e\" \/>\n\t<meta name=\"twitter:data2\" content=\"6 minutes\" \/>\n<script type=\"application\/ld+json\" class=\"yoast-schema-graph\">{\"@context\":\"https:\\\/\\\/schema.org\",\"@graph\":[{\"@type\":\"Article\",\"@id\":\"https:\\\/\\\/www.swisscrochet.ch\\\/fr\\\/2025\\\/06\\\/le-chale-pressed-violets-en-poema-mohair\\\/#article\",\"isPartOf\":{\"@id\":\"https:\\\/\\\/www.swisscrochet.ch\\\/fr\\\/2025\\\/06\\\/le-chale-pressed-violets-en-poema-mohair\\\/\"},\"author\":{\"name\":\"Assimina Saranti\",\"@id\":\"https:\\\/\\\/www.swisscrochet.ch\\\/#\\\/schema\\\/person\\\/c8f2fc1f13760b7c5845ca81c3c79fad\"},\"headline\":\"Le ch\u00e2le Pressed Violets en Poema Mohair\",\"datePublished\":\"2025-06-10T18:44:39+00:00\",\"dateModified\":\"2025-06-10T19:02:24+00:00\",\"mainEntityOfPage\":{\"@id\":\"https:\\\/\\\/www.swisscrochet.ch\\\/fr\\\/2025\\\/06\\\/le-chale-pressed-violets-en-poema-mohair\\\/\"},\"wordCount\":1050,\"commentCount\":0,\"image\":{\"@id\":\"https:\\\/\\\/www.swisscrochet.ch\\\/fr\\\/2025\\\/06\\\/le-chale-pressed-violets-en-poema-mohair\\\/#primaryimage\"},\"thumbnailUrl\":\"https:\\\/\\\/www.swisscrochet.ch\\\/wp-content\\\/uploads\\\/2025\\\/06\\\/Pressed-Violets-Shawl-Poema-Mohair-1.jpg\",\"keywords\":[\"poema-mohair\"],\"articleSection\":[\"Id\u00e9es de projet\"],\"inLanguage\":\"fr-FR\",\"potentialAction\":[{\"@type\":\"CommentAction\",\"name\":\"Comment\",\"target\":[\"https:\\\/\\\/www.swisscrochet.ch\\\/fr\\\/2025\\\/06\\\/le-chale-pressed-violets-en-poema-mohair\\\/#respond\"]}]},{\"@type\":\"WebPage\",\"@id\":\"https:\\\/\\\/www.swisscrochet.ch\\\/fr\\\/2025\\\/06\\\/le-chale-pressed-violets-en-poema-mohair\\\/\",\"url\":\"https:\\\/\\\/www.swisscrochet.ch\\\/fr\\\/2025\\\/06\\\/le-chale-pressed-violets-en-poema-mohair\\\/\",\"name\":\"Le ch\u00e2le Pressed Violets en Poema Mohair &#171; Swiss Crochet\",\"isPartOf\":{\"@id\":\"https:\\\/\\\/www.swisscrochet.ch\\\/#website\"},\"primaryImageOfPage\":{\"@id\":\"https:\\\/\\\/www.swisscrochet.ch\\\/fr\\\/2025\\\/06\\\/le-chale-pressed-violets-en-poema-mohair\\\/#primaryimage\"},\"image\":{\"@id\":\"https:\\\/\\\/www.swisscrochet.ch\\\/fr\\\/2025\\\/06\\\/le-chale-pressed-violets-en-poema-mohair\\\/#primaryimage\"},\"thumbnailUrl\":\"https:\\\/\\\/www.swisscrochet.ch\\\/wp-content\\\/uploads\\\/2025\\\/06\\\/Pressed-Violets-Shawl-Poema-Mohair-1.jpg\",\"datePublished\":\"2025-06-10T18:44:39+00:00\",\"dateModified\":\"2025-06-10T19:02:24+00:00\",\"author\":{\"@id\":\"https:\\\/\\\/www.swisscrochet.ch\\\/#\\\/schema\\\/person\\\/c8f2fc1f13760b7c5845ca81c3c79fad\"},\"description\":\"Le ch\u00e2le Pressed Violets en Poema Mohair \u2014 un ch\u00e2le en dentelle crochet\u00e9e r\u00e9alis\u00e9 avec un fil mohair doux et soyeux aux longs d\u00e9grad\u00e9s sans transition.\",\"breadcrumb\":{\"@id\":\"https:\\\/\\\/www.swisscrochet.ch\\\/fr\\\/2025\\\/06\\\/le-chale-pressed-violets-en-poema-mohair\\\/#breadcrumb\"},\"inLanguage\":\"fr-FR\",\"potentialAction\":[{\"@type\":\"ReadAction\",\"target\":[\"https:\\\/\\\/www.swisscrochet.ch\\\/fr\\\/2025\\\/06\\\/le-chale-pressed-violets-en-poema-mohair\\\/\"]}]},{\"@type\":\"ImageObject\",\"inLanguage\":\"fr-FR\",\"@id\":\"https:\\\/\\\/www.swisscrochet.ch\\\/fr\\\/2025\\\/06\\\/le-chale-pressed-violets-en-poema-mohair\\\/#primaryimage\",\"url\":\"https:\\\/\\\/www.swisscrochet.ch\\\/wp-content\\\/uploads\\\/2025\\\/06\\\/Pressed-Violets-Shawl-Poema-Mohair-1.jpg\",\"contentUrl\":\"https:\\\/\\\/www.swisscrochet.ch\\\/wp-content\\\/uploads\\\/2025\\\/06\\\/Pressed-Violets-Shawl-Poema-Mohair-1.jpg\",\"width\":1000,\"height\":1000},{\"@type\":\"BreadcrumbList\",\"@id\":\"https:\\\/\\\/www.swisscrochet.ch\\\/fr\\\/2025\\\/06\\\/le-chale-pressed-violets-en-poema-mohair\\\/#breadcrumb\",\"itemListElement\":[{\"@type\":\"ListItem\",\"position\":1,\"name\":\"Home\",\"item\":\"https:\\\/\\\/www.swisscrochet.ch\\\/fr\\\/\"},{\"@type\":\"ListItem\",\"position\":2,\"name\":\"Le ch\u00e2le Pressed Violets en Poema Mohair\"}]},{\"@type\":\"WebSite\",\"@id\":\"https:\\\/\\\/www.swisscrochet.ch\\\/#website\",\"url\":\"https:\\\/\\\/www.swisscrochet.ch\\\/\",\"name\":\"Swiss Crochet\",\"description\":\"Lib\u00e9rez votre potentiel cr\u00e9atif\",\"potentialAction\":[{\"@type\":\"SearchAction\",\"target\":{\"@type\":\"EntryPoint\",\"urlTemplate\":\"https:\\\/\\\/www.swisscrochet.ch\\\/?s={search_term_string}\"},\"query-input\":{\"@type\":\"PropertyValueSpecification\",\"valueRequired\":true,\"valueName\":\"search_term_string\"}}],\"inLanguage\":\"fr-FR\"},{\"@type\":\"Person\",\"@id\":\"https:\\\/\\\/www.swisscrochet.ch\\\/#\\\/schema\\\/person\\\/c8f2fc1f13760b7c5845ca81c3c79fad\",\"name\":\"Assimina Saranti\",\"url\":\"https:\\\/\\\/www.swisscrochet.ch\\\/fr\\\/author\\\/assiminasaranti\\\/\"}]}<\/script>\n<!-- \/ Yoast SEO plugin. -->","yoast_head_json":{"title":"Le ch\u00e2le Pressed Violets en Poema Mohair &#171; Swiss Crochet","description":"Le ch\u00e2le Pressed Violets en Poema Mohair \u2014 un ch\u00e2le en dentelle crochet\u00e9e r\u00e9alis\u00e9 avec un fil mohair doux et soyeux aux longs d\u00e9grad\u00e9s sans transition.","robots":{"index":"index","follow":"follow","max-snippet":"max-snippet:-1","max-image-preview":"max-image-preview:large","max-video-preview":"max-video-preview:-1"},"canonical":"https:\/\/www.swisscrochet.ch\/fr\/2025\/06\/le-chale-pressed-violets-en-poema-mohair\/","og_locale":"fr_FR","og_type":"article","og_title":"Le ch\u00e2le Pressed Violets en Poema Mohair &#171; Swiss Crochet","og_description":"Le ch\u00e2le Pressed Violets en Poema Mohair \u2014 un ch\u00e2le en dentelle crochet\u00e9e r\u00e9alis\u00e9 avec un fil mohair doux et soyeux aux longs d\u00e9grad\u00e9s sans transition.","og_url":"https:\/\/www.swisscrochet.ch\/fr\/2025\/06\/le-chale-pressed-violets-en-poema-mohair\/","og_site_name":"Swiss Crochet","article_published_time":"2025-06-10T18:44:39+00:00","article_modified_time":"2025-06-10T19:02:24+00:00","og_image":[{"width":1000,"height":1000,"url":"https:\/\/www.swisscrochet.ch\/wp-content\/uploads\/2025\/06\/Pressed-Violets-Shawl-Poema-Mohair-1.jpg","type":"image\/jpeg"}],"author":"Assimina Saranti","twitter_card":"summary_large_image","twitter_misc":{"\u00c9crit par":"Assimina Saranti","Dur\u00e9e de lecture estim\u00e9e":"6 minutes"},"schema":{"@context":"https:\/\/schema.org","@graph":[{"@type":"Article","@id":"https:\/\/www.swisscrochet.ch\/fr\/2025\/06\/le-chale-pressed-violets-en-poema-mohair\/#article","isPartOf":{"@id":"https:\/\/www.swisscrochet.ch\/fr\/2025\/06\/le-chale-pressed-violets-en-poema-mohair\/"},"author":{"name":"Assimina Saranti","@id":"https:\/\/www.swisscrochet.ch\/#\/schema\/person\/c8f2fc1f13760b7c5845ca81c3c79fad"},"headline":"Le ch\u00e2le Pressed Violets en Poema Mohair","datePublished":"2025-06-10T18:44:39+00:00","dateModified":"2025-06-10T19:02:24+00:00","mainEntityOfPage":{"@id":"https:\/\/www.swisscrochet.ch\/fr\/2025\/06\/le-chale-pressed-violets-en-poema-mohair\/"},"wordCount":1050,"commentCount":0,"image":{"@id":"https:\/\/www.swisscrochet.ch\/fr\/2025\/06\/le-chale-pressed-violets-en-poema-mohair\/#primaryimage"},"thumbnailUrl":"https:\/\/www.swisscrochet.ch\/wp-content\/uploads\/2025\/06\/Pressed-Violets-Shawl-Poema-Mohair-1.jpg","keywords":["poema-mohair"],"articleSection":["Id\u00e9es de projet"],"inLanguage":"fr-FR","potentialAction":[{"@type":"CommentAction","name":"Comment","target":["https:\/\/www.swisscrochet.ch\/fr\/2025\/06\/le-chale-pressed-violets-en-poema-mohair\/#respond"]}]},{"@type":"WebPage","@id":"https:\/\/www.swisscrochet.ch\/fr\/2025\/06\/le-chale-pressed-violets-en-poema-mohair\/","url":"https:\/\/www.swisscrochet.ch\/fr\/2025\/06\/le-chale-pressed-violets-en-poema-mohair\/","name":"Le ch\u00e2le Pressed Violets en Poema Mohair &#171; Swiss Crochet","isPartOf":{"@id":"https:\/\/www.swisscrochet.ch\/#website"},"primaryImageOfPage":{"@id":"https:\/\/www.swisscrochet.ch\/fr\/2025\/06\/le-chale-pressed-violets-en-poema-mohair\/#primaryimage"},"image":{"@id":"https:\/\/www.swisscrochet.ch\/fr\/2025\/06\/le-chale-pressed-violets-en-poema-mohair\/#primaryimage"},"thumbnailUrl":"https:\/\/www.swisscrochet.ch\/wp-content\/uploads\/2025\/06\/Pressed-Violets-Shawl-Poema-Mohair-1.jpg","datePublished":"2025-06-10T18:44:39+00:00","dateModified":"2025-06-10T19:02:24+00:00","author":{"@id":"https:\/\/www.swisscrochet.ch\/#\/schema\/person\/c8f2fc1f13760b7c5845ca81c3c79fad"},"description":"Le ch\u00e2le Pressed Violets en Poema Mohair \u2014 un ch\u00e2le en dentelle crochet\u00e9e r\u00e9alis\u00e9 avec un fil mohair doux et soyeux aux longs d\u00e9grad\u00e9s sans transition.","breadcrumb":{"@id":"https:\/\/www.swisscrochet.ch\/fr\/2025\/06\/le-chale-pressed-violets-en-poema-mohair\/#breadcrumb"},"inLanguage":"fr-FR","potentialAction":[{"@type":"ReadAction","target":["https:\/\/www.swisscrochet.ch\/fr\/2025\/06\/le-chale-pressed-violets-en-poema-mohair\/"]}]},{"@type":"ImageObject","inLanguage":"fr-FR","@id":"https:\/\/www.swisscrochet.ch\/fr\/2025\/06\/le-chale-pressed-violets-en-poema-mohair\/#primaryimage","url":"https:\/\/www.swisscrochet.ch\/wp-content\/uploads\/2025\/06\/Pressed-Violets-Shawl-Poema-Mohair-1.jpg","contentUrl":"https:\/\/www.swisscrochet.ch\/wp-content\/uploads\/2025\/06\/Pressed-Violets-Shawl-Poema-Mohair-1.jpg","width":1000,"height":1000},{"@type":"BreadcrumbList","@id":"https:\/\/www.swisscrochet.ch\/fr\/2025\/06\/le-chale-pressed-violets-en-poema-mohair\/#breadcrumb","itemListElement":[{"@type":"ListItem","position":1,"name":"Home","item":"https:\/\/www.swisscrochet.ch\/fr\/"},{"@type":"ListItem","position":2,"name":"Le ch\u00e2le Pressed Violets en Poema Mohair"}]},{"@type":"WebSite","@id":"https:\/\/www.swisscrochet.ch\/#website","url":"https:\/\/www.swisscrochet.ch\/","name":"Swiss Crochet","description":"Lib\u00e9rez votre potentiel cr\u00e9atif","potentialAction":[{"@type":"SearchAction","target":{"@type":"EntryPoint","urlTemplate":"https:\/\/www.swisscrochet.ch\/?s={search_term_string}"},"query-input":{"@type":"PropertyValueSpecification","valueRequired":true,"valueName":"search_term_string"}}],"inLanguage":"fr-FR"},{"@type":"Person","@id":"https:\/\/www.swisscrochet.ch\/#\/schema\/person\/c8f2fc1f13760b7c5845ca81c3c79fad","name":"Assimina Saranti","url":"https:\/\/www.swisscrochet.ch\/fr\/author\/assiminasaranti\/"}]}},"_links":{"self":[{"href":"https:\/\/www.swisscrochet.ch\/fr\/wp-json\/wp\/v2\/posts\/7731","targetHints":{"allow":["GET"]}}],"collection":[{"href":"https:\/\/www.swisscrochet.ch\/fr\/wp-json\/wp\/v2\/posts"}],"about":[{"href":"https:\/\/www.swisscrochet.ch\/fr\/wp-json\/wp\/v2\/types\/post"}],"author":[{"embeddable":true,"href":"https:\/\/www.swisscrochet.ch\/fr\/wp-json\/wp\/v2\/users\/2"}],"replies":[{"embeddable":true,"href":"https:\/\/www.swisscrochet.ch\/fr\/wp-json\/wp\/v2\/comments?post=7731"}],"version-history":[{"count":0,"href":"https:\/\/www.swisscrochet.ch\/fr\/wp-json\/wp\/v2\/posts\/7731\/revisions"}],"wp:featuredmedia":[{"embeddable":true,"href":"https:\/\/www.swisscrochet.ch\/fr\/wp-json\/wp\/v2\/media\/7677"}],"wp:attachment":[{"href":"https:\/\/www.swisscrochet.ch\/fr\/wp-json\/wp\/v2\/media?parent=7731"}],"wp:term":[{"taxonomy":"category","embeddable":true,"href":"https:\/\/www.swisscrochet.ch\/fr\/wp-json\/wp\/v2\/categories?post=7731"},{"taxonomy":"post_tag","embeddable":true,"href":"https:\/\/www.swisscrochet.ch\/fr\/wp-json\/wp\/v2\/tags?post=7731"}],"curies":[{"name":"wp","href":"https:\/\/api.w.org\/{rel}","templated":true}]}}